{"id":96,"date":"2012-09-12T21:40:00","date_gmt":"2012-09-12T19:40:00","guid":{"rendered":"http:\/\/192.168.3.11\/wordpress\/?p=96"},"modified":"2024-01-30T17:41:38","modified_gmt":"2024-01-30T16:41:38","slug":"wie-die-grossen","status":"publish","type":"post","link":"http:\/\/dachgeschoss.dnsalias.com\/wordpress\/2012\/09\/12\/wie-die-grossen\/","title":{"rendered":"Wie die Gro\u00dfen"},"content":{"rendered":"\n<p>Hall\u00f6chen Ihr Lieben,<\/p>\n\n\n\n<p>da bin ich mal wieder. Nach der Sommerpause hat sich bei uns der Alltag wieder gut eingespielt. Nach anf\u00e4nglichen Problemen mit dem t\u00e4glichen Kindergarten gehen, macht es mir wieder richtig Spa\u00df morgens in die Kita zu spazieren.Ich bin jetzt in einer Gruppe mit einigen gro\u00dfen Kindern und seit dem mache ich Riesenspr\u00fcnge in der Entwicklung. Ich kann mittlerweile springen (Papa hat 44cm gemessen), auf einem Bein stehen (zwar nur f\u00fcr kurze Zeit) und gehe wie die Gro\u00dfen auf die Toilette. Nat\u00fcrlich brauche ich noch Windeln, da auch immer mal wieder etwas in die Hose geht, aber sonst klappt es gut. Und ich entwickele gerade einen m\u00e4chtigen Trotz-bzw. Dickkopf. Das gucke ich mir auch von den Gro\u00dfen ab, nur Mama und Papa finden das gar nicht lustig &#8230;.;-(.<\/p>\n\n\n\n<p>Eine Sache, die ich noch sehr gern mache, ist telefonieren \u00fcber Skype. Mein Mund steht dann gar nicht mehr still und ich zeige dann alles, was ich kann und habe;-).<\/p>\n\n\n\n<p>Vielleicht noch kurz etwas zu meinen Ma\u00dfen: Ich trage zur Zeit Gr\u00f6\u00dfe 92\/98 und habe jetzt neue wasserfeste Schuhe f\u00fcr den Herbst in Gr\u00f6\u00dfe 23 bekommen. Wurde auch Zeit, dass der Herbst kommt, denn die Sandalen haben nicht mehr gepasst;-).<\/p>\n\n\n\n<p>So und nun w\u00fcnsche ich Euch noch eine sch\u00f6ne Woche!<\/p>\n\n\n\n<p>Bis bald<\/p>\n\n\n\n<p>Euer Mattes<\/p>\n","protected":false},"excerpt":{"rendered":"<p>Hall\u00f6chen Ihr Lieben, da bin ich mal wieder. Nach der Sommerpause hat sich bei uns der Alltag wieder gut eingespielt. Nach anf\u00e4nglichen Problemen mit dem t\u00e4glichen Kindergarten gehen, macht es mir wieder richtig Spa\u00df morgens in die Kita zu spazieren.Ich bin jetzt in einer Gruppe mit einigen gro\u00dfen Kindern und seit dem mache ich Riesenspr\u00fcnge &hellip; <a href=\"http:\/\/dachgeschoss.dnsalias.com\/wordpress\/2012\/09\/12\/wie-die-grossen\/\" class=\"more-link\"><span class=\"screen-reader-text\">Wie die Gro\u00dfen<\/span> weiterlesen <span class=\"meta-nav\">&rarr;<\/span><\/a><\/p>\n","protected":false},"author":1,"featured_media":0,"comment_status":"closed","ping_status":"","sticky":false,"template":"","format":"standard","meta":[],"categories":[1],"tags":[],"_links":{"self":[{"href":"http:\/\/dachgeschoss.dnsalias.com\/wordpress\/wp-json\/wp\/v2\/posts\/96"}],"collection":[{"href":"http:\/\/dachgeschoss.dnsalias.com\/wordpress\/wp-json\/wp\/v2\/posts"}],"about":[{"href":"http:\/\/dachgeschoss.dnsalias.com\/wordpress\/wp-json\/wp\/v2\/types\/post"}],"author":[{"embeddable":true,"href":"http:\/\/dachgeschoss.dnsalias.com\/wordpress\/wp-json\/wp\/v2\/users\/1"}],"replies":[{"embeddable":true,"href":"http:\/\/dachgeschoss.dnsalias.com\/wordpress\/wp-json\/wp\/v2\/comments?post=96"}],"version-history":[{"count":1,"href":"http:\/\/dachgeschoss.dnsalias.com\/wordpress\/wp-json\/wp\/v2\/posts\/96\/revisions"}],"predecessor-version":[{"id":97,"href":"http:\/\/dachgeschoss.dnsalias.com\/wordpress\/wp-json\/wp\/v2\/posts\/96\/revisions\/97"}],"wp:attachment":[{"href":"http:\/\/dachgeschoss.dnsalias.com\/wordpress\/wp-json\/wp\/v2\/media?parent=96"}],"wp:term":[{"taxonomy":"category","embeddable":true,"href":"http:\/\/dachgeschoss.dnsalias.com\/wordpress\/wp-json\/wp\/v2\/categories?post=96"},{"taxonomy":"post_tag","embeddable":true,"href":"http:\/\/dachgeschoss.dnsalias.com\/wordpress\/wp-json\/wp\/v2\/tags?post=96"}],"curies":[{"name":"wp","href":"https:\/\/api.w.org\/{rel}","templated":true}]}}