{"id":94,"date":"2012-07-30T22:28:00","date_gmt":"2012-07-30T20:28:00","guid":{"rendered":"http:\/\/192.168.3.11\/wordpress\/?p=94"},"modified":"2024-01-30T17:40:50","modified_gmt":"2024-01-30T16:40:50","slug":"gruesse-aus-dem-urlaub","status":"publish","type":"post","link":"http:\/\/dachgeschoss.dnsalias.com\/wordpress\/2012\/07\/30\/gruesse-aus-dem-urlaub\/","title":{"rendered":"Gr\u00fc\u00dfe aus dem Urlaub"},"content":{"rendered":"\n<p>Hall\u00f6chen Ihr Lieben,<\/p>\n\n\n\n<p>es gr\u00fc\u00dft Euch Euer Mattes aus dem Urlaub.<\/p>\n\n\n\n<p>Seit Anfang Juli habe ich n\u00e4mlich Kitaferien. Zuerst ist meine Oma Vroni aus Berlin gekommen und wir haben ein paar sehr sch\u00f6ne Tage in Limbach verlebt. Wir sind viel spazieren gegangen, haben gebuddelt und waren sogar im Schwimmbad, haben Eis gegessen, haben gekuschelt &#8230;..Und Oma hat mir beigebracht &#8222;Bitte&#8220; und &#8222;Danke&#8220; zu sagen. Meine Eltern sind ganz begeistert.<\/p>\n\n\n\n<p>Dann ist Oma wieder los und wir sind mit unserem Auto an die Atlantikk\u00fcste (La Tranche sur Mer in der Vendee) gefahren. Das ist ein sehr weiter Weg gewesen und deshalb haben wir auf der Hinfahrt eine Nacht im Auto auf dem Parkplatz geschlafen. Das war richtig toll. Mit Mama und Papa hinten auf einer Matratze&#8230;..ich bin ausgeflippt vor Freude. Angekommen an unserem Ziel sind wir sofort an den Strand und ich bin mit meinen F\u00fc\u00dfchen vergn\u00fcgt durch die Pf\u00fctzen, die die Ebbe hinterlassen hat, geplatscht. Das Meer ist fantastisch. So hohe Wellen, M\u00f6ven, Sand, Muscheln&#8230;.Ich bin aus dem Staunen gar nicht mehr rausgekommen. Und ich habe meine Liebe f\u00fcr das Wasser entdeckt. Jeden Tag musste ich unbedingt mehrfach ins Wasser und keine Welle war zu hoch f\u00fcr mich. Unter lautstarkem Schimpfen haben mich meine Eltern meist schon mit etwas blauen Lippen herausbekommen;-). Richtig gut wurde es dann, als meine Eltern den Surfern dort nacheifern wollten und sich ein Boddybord gekauft haben. Papa hat mich damit \u00fcber die Pf\u00fctzen gezogen. Alleine durfte ich leider noch nicht ins offene Meer. Das war \u00e4rgerlich, aber na ja n\u00e4chstes Jahr;-). Ich muss unbedingt schnell schwimmen lernen&#8230;..Sch\u00f6n war es auch mit Mama und Papa zu buddeln und Burgen und Tunnel f\u00fcr die Boote zu bauen. Eine weitere Leidenschaft war das Steine ins Wasser werfen. Mittlerweile kann ich richtig gro\u00dfe und schwere Steine ins Wasser werfen und mein Papa hat schon Angst, dass ich seinen Kindergartenrekord von 10m Weite \u00fcberbiete;-). Sind mal keine Steine in der N\u00e4he, begn\u00fcge ich mich auch mit anderen Sachen, was meine Eltern nicht so lustig finden;-). Das Laufen und Toben am Strand und im Sand war richtig toll. Ich kann mittlerweile r\u00fcckw\u00e4rts und auf Zehenspitzen laufen und Schubkarre kann ich auch schon. Ne Rolle vorw\u00e4rts geht fast auch schon alleine. Nur der Krebsgang ist noch sehr schwierig. Und ich habe meinen Wortschatz erweitert: Muschel, M\u00f6we, Strand, Atlantik, Ostsee. Die Worte &#8222;Anh\u00e4nger&#8220; und &#8222;Welle&#8220; habe ich t\u00e4glich mehrfach mit voller Inbrunst rausgebr\u00fcllt. Und ich gehe mittlwerweile auf den Topf und es ist ganz selten, dass noch etwas in die Hose geht. So kann ich endlich die coolen Unterhosen von Ferdinand tragen;-). Das wird Nele beeindrucken;-). Alles in allem war unser Urlaub zu dritt wundersch\u00f6n und wir haben die Zeit gemeinsam intensiv genossen.<\/p>\n\n\n\n<p>Nach zwei Wochen Atlantikk\u00fcste haben wir uns auf den 2000km langen Weg in den Norden Deutschlands gemacht. Mit einem kurzen Zwischenstopp Zuhause, haben wir dann auf dem Weg nach Usedom bei Wolldeckenoma und Wolldeckenopa Halt gemacht. Dort wurden wir sehr gut versorgt und ich habe meinen Onkel Chrissi gesehen. Erst hatte ich ja richtig Angst vor ihm, aber als er sein altes Playmobilauto mit ANH\u00c4NGER rausgekramt hat, haben wir uns gut verstanden. Nach 1 Tag ging es weiter zu Oma Ilona und Opa Lutz auf Usedom. Dort haben wir viel Gl\u00fcck mit dem Wetter gehabt und ich konnte mich auch am Ostseestrand richtig austoben. Uroma Inge und Uropa Bruno haben uns jeden Mittag leckeres Essen gekocht. Danach ging es im Croozer weiter zum Strand. Auf dem Weg dorthin bin ich meistens eingeschalfen und habe meine 2 Stunden Mittagsschlaf am Strand genossen. Meine Eltern haben diese Zeit immer zum Beachvolleyball spielen genutzt. Oma Vroni und Opa Rudi waren auch am Strand und wir haben richtig sch\u00f6n im Wasser geplantscht und Opa hat mir immer ein gro\u00dfes Planschbecken mit unserem roten Spaten gebaut. So hatten meine Eltern auch mal Zeit f\u00fcr sich.Nach einer Woche Usedom sind wir nun wieder Zuhause in Limbach angekommen.<\/p>\n\n\n\n<p>Und nun ist Mama wieder arbeiten und Papa und ich machen noch eine Woche M\u00e4nnerurlaub!<\/p>\n\n\n\n<p>Und wenn ihr denkt, ich m\u00fcsste mittlerweile Schwimmflossen haben, kann ich Euch beruhigen, es ist nicht so. Nur meine Haare sind richtig lang und blond und ich muss zum Friseur!<\/p>\n\n\n\n<p>Noch einen sch\u00f6nen Sommer!<\/p>\n\n\n\n<p>Bis denn<\/p>\n\n\n\n<p>Euer Mattes<\/p>\n","protected":false},"excerpt":{"rendered":"<p>Hall\u00f6chen Ihr Lieben, es gr\u00fc\u00dft Euch Euer Mattes aus dem Urlaub. Seit Anfang Juli habe ich n\u00e4mlich Kitaferien. Zuerst ist meine Oma Vroni aus Berlin gekommen und wir haben ein paar sehr sch\u00f6ne Tage in Limbach verlebt. Wir sind viel spazieren gegangen, haben gebuddelt und waren sogar im Schwimmbad, haben Eis gegessen, haben gekuschelt &#8230;..Und &hellip; <a href=\"http:\/\/dachgeschoss.dnsalias.com\/wordpress\/2012\/07\/30\/gruesse-aus-dem-urlaub\/\" class=\"more-link\"><span class=\"screen-reader-text\">Gr\u00fc\u00dfe aus dem Urlaub<\/span> weiterlesen <span class=\"meta-nav\">&rarr;<\/span><\/a><\/p>\n","protected":false},"author":1,"featured_media":0,"comment_status":"closed","ping_status":"","sticky":false,"template":"","format":"standard","meta":[],"categories":[1],"tags":[],"_links":{"self":[{"href":"http:\/\/dachgeschoss.dnsalias.com\/wordpress\/wp-json\/wp\/v2\/posts\/94"}],"collection":[{"href":"http:\/\/dachgeschoss.dnsalias.com\/wordpress\/wp-json\/wp\/v2\/posts"}],"about":[{"href":"http:\/\/dachgeschoss.dnsalias.com\/wordpress\/wp-json\/wp\/v2\/types\/post"}],"author":[{"embeddable":true,"href":"http:\/\/dachgeschoss.dnsalias.com\/wordpress\/wp-json\/wp\/v2\/users\/1"}],"replies":[{"embeddable":true,"href":"http:\/\/dachgeschoss.dnsalias.com\/wordpress\/wp-json\/wp\/v2\/comments?post=94"}],"version-history":[{"count":1,"href":"http:\/\/dachgeschoss.dnsalias.com\/wordpress\/wp-json\/wp\/v2\/posts\/94\/revisions"}],"predecessor-version":[{"id":95,"href":"http:\/\/dachgeschoss.dnsalias.com\/wordpress\/wp-json\/wp\/v2\/posts\/94\/revisions\/95"}],"wp:attachment":[{"href":"http:\/\/dachgeschoss.dnsalias.com\/wordpress\/wp-json\/wp\/v2\/media?parent=94"}],"wp:term":[{"taxonomy":"category","embeddable":true,"href":"http:\/\/dachgeschoss.dnsalias.com\/wordpress\/wp-json\/wp\/v2\/categories?post=94"},{"taxonomy":"post_tag","embeddable":true,"href":"http:\/\/dachgeschoss.dnsalias.com\/wordpress\/wp-json\/wp\/v2\/tags?post=94"}],"curies":[{"name":"wp","href":"https:\/\/api.w.org\/{rel}","templated":true}]}}