{"id":92,"date":"2012-06-21T21:47:00","date_gmt":"2012-06-21T19:47:00","guid":{"rendered":"http:\/\/192.168.3.11\/wordpress\/?p=92"},"modified":"2024-01-30T17:39:58","modified_gmt":"2024-01-30T16:39:58","slug":"endlich-18-monate","status":"publish","type":"post","link":"http:\/\/dachgeschoss.dnsalias.com\/wordpress\/2012\/06\/21\/endlich-18-monate\/","title":{"rendered":"Endlich 18! Monate"},"content":{"rendered":"\n<p>Hall\u00f6chen Ihr Lieben,<\/p>\n\n\n\n<p>da bin ich mal wieder und wie ihr ja sehen k\u00f6nnt, ist in der Zwischenzeit einiges passiert.<\/p>\n\n\n\n<p>Erst einmal waren meine Wolldeckenoma und mein Wolldeckenopa&nbsp; f\u00fcr 10 Tage bei uns. Das war sehr sch\u00f6n. Jeden Tag haben sie mich nach dem Mittagsschlaf aus der Krippe abgeholt und sind mit mir Eis essen oder auf dem Spielplatz gewesen. Wir sind sogar zusammen Zug nach Limbach gefahren. Erst war ich ja sehr skeptisch gegen\u00fcber dem Zug fahren, aber dann w\u00e4re ich gern noch weiter gefahren;-). Ich kann jetzt auch schon Oma und Opa sagen.<\/p>\n\n\n\n<p>Mit Oma und Opa haben wir sehr sch\u00f6ne Ausfl\u00fcge nach Metz und nach Heidelberg gemacht. Nur unser Schwimmbad konnten wir leider nicht besuchen, denn irgendwie l\u00e4sst der Sommer auf sich warten;-(. Nat\u00fcrlich haben wir sonst wieder viel gespielt, B\u00fccher geguckt, sind spazieregn gegangen und haben gekuschelt. Und ich habe Oma und Opa meine Bobbycarfahrk\u00fcnste gezeigt. Da haben sie nicht schlecht geguckt;-). Nun sind sie leider wieder Zuhause&#8230;.<\/p>\n\n\n\n<p>Dann ist da noch etwas, was sehr schade ist, denn mein Kumpel Moritz wird ab n\u00e4chster Woche nie wieder in meine M\u00e4usegruppe gehen. Seine Eltern ziehen nach Bad T\u00f6lz und es ist einfach zu weit f\u00fcr ihn, jeden Tag zu uns in die M\u00e4usegruppe zu kommen;-(. Aber Mama und Papa haben schon versprochen, dass wir ihn und seine Eltern bald besuchen;-). Er wird mir im Winter Ski fahren beibringen!!!!<\/p>\n\n\n\n<p>So und dann hatte meine Mama ein Entwicklungsgespr\u00e4ch im Kindergarten. Tja und da hat doch meine Lieblingserzieherin ausgeplaudert, dass mein Herz f\u00fcr die kleine Nele schl\u00e4gt. Wir werden wohl auch als das &#8222;Traumpaar&#8220; im Kindergarten bezeichnet. Da hat meine Mama nicht schlecht geguckt, als sie das geh\u00f6rt hat;-). Fr\u00fch \u00fcbt sich. Kann ja nicht jeder so ein Sp\u00e4tz\u00fcnder sein wie Mama&#8230;<\/p>\n\n\n\n<p>Sonst ist wohl alles tutti paletti und alles im Rahem meines Alters. Hervorzuheben sind jedoch meine au\u00dferordentlichen F\u00e4higkeiten im Rutschen. Und an Durchsetzungverm\u00f6gen w\u00fcrde es mir wohl fehlen, wenn mir andere Kinder Spielzeug wegnehmen oder \u00e4hnliches. Die Grobmotorik ist zienmlich gut entwickelt. Und die Feinmotorik ist seit ein paar Tagen auch schon deutlich besser. Ich f\u00e4dle gerne Perlen auf, stecke Zuganh\u00e4nger zusammen oder baue hohe T\u00fcrme und mein Zweiteilepuzzle kann ich auch schon seit l\u00e4ngerem zusammenlegen. Das Wortverst\u00e4ndnis ist auch sehr gut. Ich kann fast alle Aufforderungen verstehen und umsetzen und kenne alle Kinder und Erzieher beim Namen. Ich kann schon verstehen, was &#8222;mehr&#8220;oder &#8222;weniger&#8220; bedeutet oder was &#8222;oben&#8220; und &#8222;unten&#8220; hei\u00dft.Das aktive Sprechen vernachl\u00e4ssige ich noch etwas, denn mit meinen Augen bekomme ich fast jede Erzieherin um den Finger gewickelt. Ich kann mittlerweile alle K\u00f6rperteile an mir und an anderen Zeigen. Besonders lieben tue ich kneten und B\u00fccher angucken. Mittlerweile genie\u00dfe ich es auch einfach zuzuh\u00f6ren, wenn mir jemand etwas vorliest.<\/p>\n\n\n\n<p>Mein Wortschatz mit 18 Monaten (geordnet nach Priorit\u00e4ten;-) jedenfalls die ersten 5)<\/p>\n\n\n\n<p>1. Ball und Auto<\/p>\n\n\n\n<p>2. Mama<\/p>\n\n\n\n<p>3.Papa<\/p>\n\n\n\n<p>4.Milch= Mil<\/p>\n\n\n\n<p>5. Kakao= Tatau<\/p>\n\n\n\n<p>6. Ei= Ei<\/p>\n\n\n\n<p>7.Eis= Ei<\/p>\n\n\n\n<p>8.hei\u00df=heis<\/p>\n\n\n\n<p>9.Bagger=Badda<\/p>\n\n\n\n<p>10. M\u00fcll= M\u00fcll<\/p>\n\n\n\n<p>11. Banane= Nane<\/p>\n\n\n\n<p>12. Erdbeere=Edber<\/p>\n\n\n\n<p>13. Aa=Aa<\/p>\n\n\n\n<p>14. Moritz=Mo<\/p>\n\n\n\n<p>15. Butter= Butter<\/p>\n\n\n\n<p>16. Marmelade=Mamelad oder so \u00e4hnlich<\/p>\n\n\n\n<p>17. baden=bada<\/p>\n\n\n\n<p>18.Mond=Mon<\/p>\n\n\n\n<p>19. meine Schlafgiraffe= Awawa<\/p>\n\n\n\n<p>20. Wasser=wasa<\/p>\n\n\n\n<p>21. aua= aua<\/p>\n\n\n\n<p>22. oho= oho<\/p>\n\n\n\n<p>23. matti tee<\/p>\n\n\n\n<p>24. Apfel= appel<\/p>\n\n\n\n<p>25. ja<\/p>\n\n\n\n<p>26. nein<\/p>\n\n\n\n<p>27. b\u00e4h<\/p>\n\n\n\n<p>28. feuerwehr= t\u00fcta<\/p>\n\n\n\n<p>29. und jede Menge Tierger\u00e4usche vom Hund, Frosch, Schaf, Pferd, Ente, Fisch, Schlange<\/p>\n\n\n\n<p>So sieht meine Welt zur Zeit aus und jeden Tag wird sie noch ein St\u00fcck bunter.<\/p>\n\n\n\n<p>Ich w\u00fcnsche Euch allen ein sch\u00f6nes Wochenende<\/p>\n\n\n\n<p>Bis bald<\/p>\n\n\n\n<p>Euer Mattes<\/p>\n","protected":false},"excerpt":{"rendered":"<p>Hall\u00f6chen Ihr Lieben, da bin ich mal wieder und wie ihr ja sehen k\u00f6nnt, ist in der Zwischenzeit einiges passiert. Erst einmal waren meine Wolldeckenoma und mein Wolldeckenopa&nbsp; f\u00fcr 10 Tage bei uns. Das war sehr sch\u00f6n. Jeden Tag haben sie mich nach dem Mittagsschlaf aus der Krippe abgeholt und sind mit mir Eis essen &hellip; <a href=\"http:\/\/dachgeschoss.dnsalias.com\/wordpress\/2012\/06\/21\/endlich-18-monate\/\" class=\"more-link\"><span class=\"screen-reader-text\">Endlich 18! Monate<\/span> weiterlesen <span class=\"meta-nav\">&rarr;<\/span><\/a><\/p>\n","protected":false},"author":1,"featured_media":0,"comment_status":"closed","ping_status":"","sticky":false,"template":"","format":"standard","meta":[],"categories":[1],"tags":[],"_links":{"self":[{"href":"http:\/\/dachgeschoss.dnsalias.com\/wordpress\/wp-json\/wp\/v2\/posts\/92"}],"collection":[{"href":"http:\/\/dachgeschoss.dnsalias.com\/wordpress\/wp-json\/wp\/v2\/posts"}],"about":[{"href":"http:\/\/dachgeschoss.dnsalias.com\/wordpress\/wp-json\/wp\/v2\/types\/post"}],"author":[{"embeddable":true,"href":"http:\/\/dachgeschoss.dnsalias.com\/wordpress\/wp-json\/wp\/v2\/users\/1"}],"replies":[{"embeddable":true,"href":"http:\/\/dachgeschoss.dnsalias.com\/wordpress\/wp-json\/wp\/v2\/comments?post=92"}],"version-history":[{"count":1,"href":"http:\/\/dachgeschoss.dnsalias.com\/wordpress\/wp-json\/wp\/v2\/posts\/92\/revisions"}],"predecessor-version":[{"id":93,"href":"http:\/\/dachgeschoss.dnsalias.com\/wordpress\/wp-json\/wp\/v2\/posts\/92\/revisions\/93"}],"wp:attachment":[{"href":"http:\/\/dachgeschoss.dnsalias.com\/wordpress\/wp-json\/wp\/v2\/media?parent=92"}],"wp:term":[{"taxonomy":"category","embeddable":true,"href":"http:\/\/dachgeschoss.dnsalias.com\/wordpress\/wp-json\/wp\/v2\/categories?post=92"},{"taxonomy":"post_tag","embeddable":true,"href":"http:\/\/dachgeschoss.dnsalias.com\/wordpress\/wp-json\/wp\/v2\/tags?post=92"}],"curies":[{"name":"wp","href":"https:\/\/api.w.org\/{rel}","templated":true}]}}