{"id":84,"date":"2012-02-16T21:15:00","date_gmt":"2012-02-16T20:15:00","guid":{"rendered":"http:\/\/192.168.3.11\/wordpress\/?p=84"},"modified":"2024-01-30T17:36:37","modified_gmt":"2024-01-30T16:36:37","slug":"kick-it-like-beckham","status":"publish","type":"post","link":"http:\/\/dachgeschoss.dnsalias.com\/wordpress\/2012\/02\/16\/kick-it-like-beckham\/","title":{"rendered":"Kick it like Beckham"},"content":{"rendered":"\n<p>Hall\u00f6chen Ihr Lieben,<\/p>\n\n\n\n<p>es ist eine ganze Weile her, dass ich mich gemeldet habe. In den letzten 6 Wochen waren wir alle immer wieder krank und haben uns nur schwer \u00fcber Wasser halten k\u00f6nnen. Aber wir haben es geschafft!!!!!!<\/p>\n\n\n\n<p>Und heute ging es frisch gest\u00e4rkt zum Fasching in den Kindergarten. Meine Eltern haben mir ein cooles Kost\u00fcm als brasilianischer Fussballspieler gemacht. Ich habe zwar die angen\u00e4hten Fussb\u00e4lle nicht lange an meinem Kost\u00fcm gelassen, aber es war trotzdem ein sehr sch\u00f6ner Tag und wir M\u00e4use hatten alle sehr viel Spa\u00df im Kindergarten. Die Schminke in meinem Gesicht, die Mama mir fr\u00fch aufgemalt hat, hat nur bis zum Kindergarten gehalten, daf\u00fcr hatte ich beim Abholen am Nachmittag von einem anderen Kind die Schminke im Gesicht. Ich muss wohl mit irgendjemanden gekuschelt haben;-).<\/p>\n\n\n\n<p>Sonst gehe mittlerweile sehr gerne in den Kindergarten. Morgens weine ich nicht mehr, sondern springe fast vor Freude den Erzieherinnen auf den Arm. Und besonders gut tut, dass mein Kumpel Moritz morgens jetzt auch da ist. Er ist sogar schon vor mir da! Ich mag ihn sehr und wir beide genie\u00dfen fr\u00fch die Zeit zu zweit im Kindergarten.<\/p>\n\n\n\n<p>In meiner Entwicklung hat sich auch einiges getan. Das Laufen ist jetzt richtig sicher, nur drau\u00dfen falle ich noch oft auf die Nase, wenn meine Eltern mich nicht halten. Das zeigen auch meine Wunden im Gesicht;-(. Dann kann ich schon seit einigen Wochen Tierger\u00e4usche nachmachen. Ein Pferd ist &#8222;brrrbrr&#8220; und dabei sch\u00fcttel ich den Kopf, Enten sind &#8220; gagagaga&#8220;, Hunde sind &#8222;wauwau&#8220; und beim Traktor wippe ich auf und ab, weil ein Trakor eben so r\u00fcttelt, wenn man mit ihm f\u00e4hrt. Und ich wei\u00df, wo meine F\u00fc\u00dfe, meine Nase und mein Bauch sind. Bisher konnte ich Kopfsch\u00fctteln, um &#8222;Nein&#8220; zusagen, mittlerweile habe ich das Kopfnicken f\u00fcr mich entdeckt und sage zur Zeit zu allem &#8222;Ja&#8220;. Mein Papa sagt immer, ich sehe dabei aus wie ein kleiner Wellensittich. Und ich kann tanzen. Wenn Musik angeht, dann drehe ich mich im Kreis. Das Winken ist eine besondere Leidenschaft von mir, ob morgens im Kindergarten , ob zu Flugzeugen am Himmel oder abends zum gute Nacht sagen, ich liebe es. Meine Eltern sind auch ganz hin und weg, wenn ich abends nach der Gutenachtgeschichte auf meine Bett zeige und freiwillig hinein m\u00f6chte und dann zum Abschied winke. Aber ich bin nicht immer so brav, ich kann auch ein ganz sch\u00f6ner Dickkopf sein. Besonders wenn es ums Essen geht, bereite ich meinen Eltern Kopfschmerzen. Ich mag nichts Gesundes, sondern am liebsten K\u00e4se ohne Brot oder das Innenleben von Br\u00f6tchen.<\/p>\n\n\n\n<p>Na ja, aber sonst k\u00f6nnen sie sich nicht beschweren&#8230;..<\/p>\n\n\n\n<p>So viel von uns.<\/p>\n\n\n\n<p>Ich w\u00fcnsche ein sch\u00f6nes Wochenende!<\/p>\n\n\n\n<p>Bis bald<\/p>\n\n\n\n<p>Euer Mattes<\/p>\n","protected":false},"excerpt":{"rendered":"<p>Hall\u00f6chen Ihr Lieben, es ist eine ganze Weile her, dass ich mich gemeldet habe. In den letzten 6 Wochen waren wir alle immer wieder krank und haben uns nur schwer \u00fcber Wasser halten k\u00f6nnen. Aber wir haben es geschafft!!!!!! Und heute ging es frisch gest\u00e4rkt zum Fasching in den Kindergarten. Meine Eltern haben mir ein &hellip; <a href=\"http:\/\/dachgeschoss.dnsalias.com\/wordpress\/2012\/02\/16\/kick-it-like-beckham\/\" class=\"more-link\"><span class=\"screen-reader-text\">Kick it like Beckham<\/span> weiterlesen <span class=\"meta-nav\">&rarr;<\/span><\/a><\/p>\n","protected":false},"author":1,"featured_media":0,"comment_status":"closed","ping_status":"","sticky":false,"template":"","format":"standard","meta":[],"categories":[1],"tags":[],"_links":{"self":[{"href":"http:\/\/dachgeschoss.dnsalias.com\/wordpress\/wp-json\/wp\/v2\/posts\/84"}],"collection":[{"href":"http:\/\/dachgeschoss.dnsalias.com\/wordpress\/wp-json\/wp\/v2\/posts"}],"about":[{"href":"http:\/\/dachgeschoss.dnsalias.com\/wordpress\/wp-json\/wp\/v2\/types\/post"}],"author":[{"embeddable":true,"href":"http:\/\/dachgeschoss.dnsalias.com\/wordpress\/wp-json\/wp\/v2\/users\/1"}],"replies":[{"embeddable":true,"href":"http:\/\/dachgeschoss.dnsalias.com\/wordpress\/wp-json\/wp\/v2\/comments?post=84"}],"version-history":[{"count":1,"href":"http:\/\/dachgeschoss.dnsalias.com\/wordpress\/wp-json\/wp\/v2\/posts\/84\/revisions"}],"predecessor-version":[{"id":85,"href":"http:\/\/dachgeschoss.dnsalias.com\/wordpress\/wp-json\/wp\/v2\/posts\/84\/revisions\/85"}],"wp:attachment":[{"href":"http:\/\/dachgeschoss.dnsalias.com\/wordpress\/wp-json\/wp\/v2\/media?parent=84"}],"wp:term":[{"taxonomy":"category","embeddable":true,"href":"http:\/\/dachgeschoss.dnsalias.com\/wordpress\/wp-json\/wp\/v2\/categories?post=84"},{"taxonomy":"post_tag","embeddable":true,"href":"http:\/\/dachgeschoss.dnsalias.com\/wordpress\/wp-json\/wp\/v2\/tags?post=84"}],"curies":[{"name":"wp","href":"https:\/\/api.w.org\/{rel}","templated":true}]}}