{"id":78,"date":"2011-12-19T21:44:00","date_gmt":"2011-12-19T20:44:00","guid":{"rendered":"http:\/\/192.168.3.11\/wordpress\/?p=78"},"modified":"2024-01-30T17:34:07","modified_gmt":"2024-01-30T16:34:07","slug":"kein-baby-mehr","status":"publish","type":"post","link":"http:\/\/dachgeschoss.dnsalias.com\/wordpress\/2011\/12\/19\/kein-baby-mehr\/","title":{"rendered":"Kein Baby mehr !!!"},"content":{"rendered":"\n<p>Hall\u00f6chen Ihr Lieben,<\/p>\n\n\n\n<p>einst noch ein Baby lest Ihr absofort die Texte eines 1-j\u00e4hrigen Jungen;-). Ich hatte n\u00e4mlich Geburtstag!!!!!!!!Es ist schon eine Weile her, aber bei uns war es zienlich turbulent, so dass ich keine Zeit hatte, Euch \u00fcber die neusten Sachen bei uns zu berichten.<\/p>\n\n\n\n<p>An meinem Geburtstag haben mich meine Eltern ganz sanft geweckt und mich an meinen toll gedeckten Geburtstagstisch getragen. Papa hat dabei das Geburtstagslied von den Schl\u00fcmpfen an seinem Rechner abgespielt. Das haben auch Oma und Opa bei ihm schon so gemacht;-). Ich war richtig baff vor lauter \u00dcberraschung. Meine Eltern haben mir zum Geburtstag einen Holzsteckw\u00fcrfel geschenkt, bei dem ich auf Anhieb sogar den Zylinder versenkt habe. Das hat wahrhafte Begeisterung bei meinen Eltern ausgel\u00f6st. Doch leider war es wohl nur ein reiner Gl\u00fcckstreffer, denn zur Zeit bin ich einfach viel zu ungeduldig da lange zu versuchen, wo was reinpasst. Ich benutze den W\u00fcrfel viel lieber als Fortbewegungsmittel und Klopfelement;-).Gut, dass Mama die stabilere Variante gekauft hat.<\/p>\n\n\n\n<p>An dieser Stelle m\u00f6chte ich mich auch bei allen bedanken, die an mich gedacht haben und liebe W\u00fcnsche und Gr\u00fc\u00dfe gesendet haben!!!!!!!!! Dankesch\u00f6n!!!!!!!!!!!!! In der Krippe gab es dann eine tolle Party mit Mamas selbstgebackenen Pl\u00e4tzchen. Mir wurde eine Krone gebastelt, die ich nicht lange aufbehalten habe und ich habe ein Stofftier geschenkt bekommen. Es war so aufregend, dass ich gar nicht richtig zur Ruhe gekommen bin und so am Ende des Tages fix und alle war. Papa hat mich nachmittags abgeholt und ist mit mir wieder auf Arbeit, wo uns dann Mama besucht hat. Als wir 3 dann Zuhause angekommen sind, bin ich bereits in einen tiefen Schlaf gefallen. Mein Geburtstag war auch gleichzeitig Mamas 3. Arbeitstag und deshalb haben wir uns alles in allem ca. 1,5 Stunde gesehen. Mama war sehr traurig an dem Tag&#8230;&#8230;Mir hingegen hat der Tag sehr gefallen.<\/p>\n\n\n\n<p>Wie schon gesagt, die Zeiten haben sich ge\u00e4ndert. Nach einem wundervollen Jahr mit Mama Zuhause, ist sie nun das erste Mal in ihrem Leben arbeiten. Morgens bringt sie mich gegen 7 Uhr in die Krippe, wo mir seit ca. 1 Woche die Verabschiedung sehr schwer f\u00e4llt und ich regelm\u00e4\u00dfig zu weinen anfange.<br>Aber die Traurigkeit h\u00e4lt meist nur eine Minute vor und dann haben es die Erzieherinnen geschafft,mich wieder aufzumuntern. In der Krippe habe ich mich prima eingw\u00f6hnt. Ich habe auch schon meinen Spitznamen &#8222;Vielfra\u00df&#8220; weg;-). Ich komme eben doch ganz nach meinem Papa;-). Die Erzieherinnen habe ich alle sehr lieb gewonnen, am liebsten mag ich die Alexandra. Alles in allem k\u00f6nnen meine Eltern ohne Sorgen und \u00c4ngste auf Arbeit gehen. Papa holt mich meist gegen 16 Uhr ab und dann geht es ab nach Hause, wo wir dann voller Vorfreude auf Mama warten, die meist gegen 17 Uhr nach Hause kommt. Gegen 18 Uhr liege ich meist v\u00f6llig k.o. im Bett und schmuse mit meiner Schlafgiraffe. Tja, die Zeiten haben sich eben sehr ge\u00e4ndert. Die Zeit, die wir zu dritt haben, ist sehr rar und wir freuen uns riesig auf das Wochenende.<\/p>\n\n\n\n<p>So nun noch ein paar Worte zu meinen neusten Errungenschaften. Ich habe mich technisch weiterentwickelt. Anlage und Fernseher sind ein Kinderspiel f\u00fcr mich;-). Mein erstes Wort ist wohl Papa und ich bin auch ein echtes Papakind. Meine Mama leidet darunter etwas;-(. Und meine Mama hat mir beigebracht, wenn sie mich fragt, wie etwas schmeckt, dass ich mir denn Bauch streichle. Manchmal schmeckt es sooo gut, dass ich auch ohne Fragen mir den Bauch streichle. Das &#8222;bitte, bitte&#8220; Sagen klappt auch wunderbar. Und ich verstehe viele Aufforderungen und S\u00e4tze schon sehr gut. Meine Eltern sind machnmal richtig \u00fcberrascht. Und im Kindergarten darf ich schon ganz allein Joghurt mit einem L\u00f6ffel essen. Dazu brauche ich nur t\u00e4gliche Wechselw\u00e4sche;-).<\/p>\n\n\n\n<p>Ihr seht, es geht uns doch ganz gut. Nur dieses Wochenende habe ich die Magendarmgrippe aus der Krippe mitgebracht. Das war echt \u00e4rgerlich. Mama und mich hats erwischt&#8230;.<\/p>\n\n\n\n<p>Na ja, bis Weihnachten sind wir wieder gesund!<\/p>\n\n\n\n<p>Ich w\u00fcnsche Euch allen ein besinnliches Fest und wenn wir uns bis dahin nicht mehr h\u00f6ren auch einen guten Rutsch ins neue Jahr!!!!!!!!!<\/p>\n\n\n\n<p>Alles Liebe<\/p>\n\n\n\n<p>Euer Mattes<\/p>\n","protected":false},"excerpt":{"rendered":"<p>Hall\u00f6chen Ihr Lieben, einst noch ein Baby lest Ihr absofort die Texte eines 1-j\u00e4hrigen Jungen;-). Ich hatte n\u00e4mlich Geburtstag!!!!!!!!Es ist schon eine Weile her, aber bei uns war es zienlich turbulent, so dass ich keine Zeit hatte, Euch \u00fcber die neusten Sachen bei uns zu berichten. An meinem Geburtstag haben mich meine Eltern ganz sanft &hellip; <a href=\"http:\/\/dachgeschoss.dnsalias.com\/wordpress\/2011\/12\/19\/kein-baby-mehr\/\" class=\"more-link\"><span class=\"screen-reader-text\">Kein Baby mehr !!!<\/span> weiterlesen <span class=\"meta-nav\">&rarr;<\/span><\/a><\/p>\n","protected":false},"author":1,"featured_media":0,"comment_status":"closed","ping_status":"","sticky":false,"template":"","format":"standard","meta":[],"categories":[1],"tags":[],"_links":{"self":[{"href":"http:\/\/dachgeschoss.dnsalias.com\/wordpress\/wp-json\/wp\/v2\/posts\/78"}],"collection":[{"href":"http:\/\/dachgeschoss.dnsalias.com\/wordpress\/wp-json\/wp\/v2\/posts"}],"about":[{"href":"http:\/\/dachgeschoss.dnsalias.com\/wordpress\/wp-json\/wp\/v2\/types\/post"}],"author":[{"embeddable":true,"href":"http:\/\/dachgeschoss.dnsalias.com\/wordpress\/wp-json\/wp\/v2\/users\/1"}],"replies":[{"embeddable":true,"href":"http:\/\/dachgeschoss.dnsalias.com\/wordpress\/wp-json\/wp\/v2\/comments?post=78"}],"version-history":[{"count":1,"href":"http:\/\/dachgeschoss.dnsalias.com\/wordpress\/wp-json\/wp\/v2\/posts\/78\/revisions"}],"predecessor-version":[{"id":79,"href":"http:\/\/dachgeschoss.dnsalias.com\/wordpress\/wp-json\/wp\/v2\/posts\/78\/revisions\/79"}],"wp:attachment":[{"href":"http:\/\/dachgeschoss.dnsalias.com\/wordpress\/wp-json\/wp\/v2\/media?parent=78"}],"wp:term":[{"taxonomy":"category","embeddable":true,"href":"http:\/\/dachgeschoss.dnsalias.com\/wordpress\/wp-json\/wp\/v2\/categories?post=78"},{"taxonomy":"post_tag","embeddable":true,"href":"http:\/\/dachgeschoss.dnsalias.com\/wordpress\/wp-json\/wp\/v2\/tags?post=78"}],"curies":[{"name":"wp","href":"https:\/\/api.w.org\/{rel}","templated":true}]}}