{"id":76,"date":"2011-11-21T22:06:00","date_gmt":"2011-11-21T21:06:00","guid":{"rendered":"http:\/\/192.168.3.11\/wordpress\/?p=76"},"modified":"2024-01-30T17:33:13","modified_gmt":"2024-01-30T16:33:13","slug":"kuessen-erlaubt","status":"publish","type":"post","link":"http:\/\/dachgeschoss.dnsalias.com\/wordpress\/2011\/11\/21\/kuessen-erlaubt\/","title":{"rendered":"K\u00fcssen erlaubt!"},"content":{"rendered":"\n<p>Hallo Ihr Lieben,<\/p>\n\n\n\n<p>&nbsp;es ist eine Weile vergangen seit meinem letzten Eintrag und das lag daran, dass ich alle H\u00e4nde voll zu tun hatte mit meinem tollen Besuch;-). Meine Wolldeckenoma und Wolldeckenopa waren da und sind heute wieder nach Berlin;-(. Wir hatten eine sehr sch\u00f6ne Zeit zusammen. Es fing meist morgens mit Kuscheln an, dann haben sie mich mit Mama in die M\u00e4usegruppe gefahren und am Nachmittag waren wir meist ne Runde spazieren. Nebenbei haben sie mir beigebracht wie ein Handkuss geht und wie ich meine Trinkflasche allein aufbekomme;-). Und Fange haben wir im Wohnzimmer gespielt!!!!! Opa wollte mir das Laufen in der Woche beibringen, aber das Krabbeln gef\u00e4llt mir doch noch besser.<\/p>\n\n\n\n<p>Letzte Woche 17.11.2011 war ich auch beim Kinderarzt. Meine aktuellen Daten sind Gr\u00f6\u00dfe 75cm, Gewicht 9610g und Kopfumfang 47cm. Alles bestens auf der 50. Perzentile. Im Anschluss daran gab es dann die erste Lebendimpfung Mumps,Masern und R\u00f6teln. Das war mal wieder ganz sch\u00f6n schmerzhaft!!!! Aber bis jetzt habe ich alles gut \u00fcberstanden, nur meine Schnupfnase geht seit dem ich in den Kindergarten gehe gar nicht mehr weg;-(. Und gefremdelt habe ich mit dem Arzt. Ich war so aufgebracht, dass Mama mich auf den Arm nehmen musste. Leider hatte ich da noch keine Windel an und am Ende war Mama pitschenass. Aber meine Wechselsachen haben ihr nicht gepasst;-).Zu meiner sonstigen Entwicklung kann ich sagen, dass ich viele Worte und Aufforderungen schon verstehe (nat\u00fcrlich nur wenn ich will!!!!). Ich gebe Mama einen Kuss, wenn sie mich darum bittet, ich hole auf Aufforderung den Ball, ich zeige auf die Lampe, wenn Mama und Papa mich fragen und wenn sie fragen wo ist der Mattes, dann fasse ich meine Ohren an.Auch das Wort &#8222;Nein&#8220; kenne ich schon ganz gut, aber ich probiere mich zur Zeit ganz sch\u00f6n aus wie weit ich gehen kann;-). Eins steht fest, wenn Mama und Papa gut gelaunt sind besser, als wenn sie Stress haben;-).<\/p>\n\n\n\n<p>&nbsp;Was ich noch gar nicht erz\u00e4hlt habe, ist, dass mein Kumpel Moritz jetzt auch endlich in der M\u00e4usegruppe ist!!! Wir haben uns beide richtig gefreut, als wir uns gesehen haben, nur dass er wieder gehen musste, habe ich nicht richtig verstanden.&nbsp; Ich muss eine ganze Weile nur dagesessen haben und ihm und seinem Papa nachgeguckt haben.Na ja er wird auch bald l\u00e4nger bleiben d\u00fcrfen. Ich bleibe ab morgen jetzt immer \u00fcber Mittag.&nbsp;<\/p>\n\n\n\n<p>Also bis bald<\/p>\n\n\n\n<p>Euer Mattes<\/p>\n","protected":false},"excerpt":{"rendered":"<p>Hallo Ihr Lieben, &nbsp;es ist eine Weile vergangen seit meinem letzten Eintrag und das lag daran, dass ich alle H\u00e4nde voll zu tun hatte mit meinem tollen Besuch;-). Meine Wolldeckenoma und Wolldeckenopa waren da und sind heute wieder nach Berlin;-(. Wir hatten eine sehr sch\u00f6ne Zeit zusammen. Es fing meist morgens mit Kuscheln an, dann &hellip; <a href=\"http:\/\/dachgeschoss.dnsalias.com\/wordpress\/2011\/11\/21\/kuessen-erlaubt\/\" class=\"more-link\"><span class=\"screen-reader-text\">K\u00fcssen erlaubt!<\/span> weiterlesen <span class=\"meta-nav\">&rarr;<\/span><\/a><\/p>\n","protected":false},"author":1,"featured_media":0,"comment_status":"closed","ping_status":"","sticky":false,"template":"","format":"standard","meta":[],"categories":[1],"tags":[],"_links":{"self":[{"href":"http:\/\/dachgeschoss.dnsalias.com\/wordpress\/wp-json\/wp\/v2\/posts\/76"}],"collection":[{"href":"http:\/\/dachgeschoss.dnsalias.com\/wordpress\/wp-json\/wp\/v2\/posts"}],"about":[{"href":"http:\/\/dachgeschoss.dnsalias.com\/wordpress\/wp-json\/wp\/v2\/types\/post"}],"author":[{"embeddable":true,"href":"http:\/\/dachgeschoss.dnsalias.com\/wordpress\/wp-json\/wp\/v2\/users\/1"}],"replies":[{"embeddable":true,"href":"http:\/\/dachgeschoss.dnsalias.com\/wordpress\/wp-json\/wp\/v2\/comments?post=76"}],"version-history":[{"count":1,"href":"http:\/\/dachgeschoss.dnsalias.com\/wordpress\/wp-json\/wp\/v2\/posts\/76\/revisions"}],"predecessor-version":[{"id":77,"href":"http:\/\/dachgeschoss.dnsalias.com\/wordpress\/wp-json\/wp\/v2\/posts\/76\/revisions\/77"}],"wp:attachment":[{"href":"http:\/\/dachgeschoss.dnsalias.com\/wordpress\/wp-json\/wp\/v2\/media?parent=76"}],"wp:term":[{"taxonomy":"category","embeddable":true,"href":"http:\/\/dachgeschoss.dnsalias.com\/wordpress\/wp-json\/wp\/v2\/categories?post=76"},{"taxonomy":"post_tag","embeddable":true,"href":"http:\/\/dachgeschoss.dnsalias.com\/wordpress\/wp-json\/wp\/v2\/tags?post=76"}],"curies":[{"name":"wp","href":"https:\/\/api.w.org\/{rel}","templated":true}]}}