{"id":74,"date":"2011-11-05T20:34:00","date_gmt":"2011-11-05T19:34:00","guid":{"rendered":"http:\/\/192.168.3.11\/wordpress\/?p=74"},"modified":"2024-01-30T17:32:31","modified_gmt":"2024-01-30T16:32:31","slug":"tagebuch-eines-krippenkindes-teil-2","status":"publish","type":"post","link":"http:\/\/dachgeschoss.dnsalias.com\/wordpress\/2011\/11\/05\/tagebuch-eines-krippenkindes-teil-2\/","title":{"rendered":"Tagebuch eines Krippenkindes Teil 2"},"content":{"rendered":"\n<p>Hall\u00f6chen Ihr Lieben,<\/p>\n\n\n\n<p>nach einer kleinen Pause m\u00f6chte ich Euch weiter von meinen Kindergartenerfahrungen berichten.&nbsp;<\/p>\n\n\n\n<p>Gestern am 4.November habe ich das erste Mal im Kindergarten von morgens bis nachmittags den Tag verbracht. Meine Mama musste n\u00e4mlich zu einer Fortbildung. Zun\u00e4chst haben wir wieder Geburtstag gefeiert und so gab es leckere Schokomuffins, wovon ich gleich 1,5 St\u00fcck bekommen habe. Mmmmhhh&#8230;&#8230;Danach ging es in die Turnhalle, denn da wir M\u00e4use fast alle noch ziemlich wackelig auf den Beinen sind bzw. noch krabbeln ist es sehr schwierig, unseren Wandertag immer in die Tat umzusetzen. In der ganzen Zeit war Mama in der Stadt und hat Erledigungen gemacht. Zum Mittag kam sie dann wieder und wir haben gemeinsam Eierkuchen gegessen. So viel S\u00fc\u00dfes habe ich noch nie gegessen. Mama hat findet das auch gar nicht so gut, aber was will sie machen?!;-) Und dann ging es hundem\u00fcde ab ins Bettchen. Mama war so aufgeregt, ob ich mich auch wohlf\u00fchlen und schlafen w\u00fcrde, aber ich war soooo m\u00fcde, dass ich ohne Probleme eingeschlafen bin. Nur wurde ich durch einige Kinder, die nicht schlafen wollten, wieder geweckt ;-(. Na ja, das wird bestimmt auch besser, wenn wir uns erst mal alle aneinander gew\u00f6hnt haben. Gegen 15 Uhr kamen mich Mama und Papa dann abholen. Das erste Mal, dass auch Papa mich abgeholt hat. Ich habe mich sooo gefreut!!!!!!!!!!!!! Es war ein wirklich toller Tag!Und Mama und Papa k\u00f6nnen beruhigt sein, denn ich f\u00fchle mich wirklich wohl, nur Z\u00e4hne putzen muss ich wohl ab jetzt intensiver;-).&nbsp;<\/p>\n\n\n\n<p>Heute habe ich den Samstag mit Mama und Papa sehr genossen. Und habe heute morgen das erste Mal in die H\u00e4nde geklatscht. Meine Mama war so begeistert, dass sie sich vor ausgelassener Freude den Kopf gesto\u00dfen hat. Typisch Mama!!!!<\/p>\n\n\n\n<p>So und nun Euch allen noch ein sch\u00f6nes Wochenende.<\/p>\n\n\n\n<p>Bis bald&nbsp;<\/p>\n\n\n\n<p>Euer Mattes<\/p>\n","protected":false},"excerpt":{"rendered":"<p>Hall\u00f6chen Ihr Lieben, nach einer kleinen Pause m\u00f6chte ich Euch weiter von meinen Kindergartenerfahrungen berichten.&nbsp; Gestern am 4.November habe ich das erste Mal im Kindergarten von morgens bis nachmittags den Tag verbracht. Meine Mama musste n\u00e4mlich zu einer Fortbildung. Zun\u00e4chst haben wir wieder Geburtstag gefeiert und so gab es leckere Schokomuffins, wovon ich gleich 1,5 &hellip; <a href=\"http:\/\/dachgeschoss.dnsalias.com\/wordpress\/2011\/11\/05\/tagebuch-eines-krippenkindes-teil-2\/\" class=\"more-link\"><span class=\"screen-reader-text\">Tagebuch eines Krippenkindes Teil 2<\/span> weiterlesen <span class=\"meta-nav\">&rarr;<\/span><\/a><\/p>\n","protected":false},"author":1,"featured_media":0,"comment_status":"closed","ping_status":"","sticky":false,"template":"","format":"standard","meta":[],"categories":[1],"tags":[],"_links":{"self":[{"href":"http:\/\/dachgeschoss.dnsalias.com\/wordpress\/wp-json\/wp\/v2\/posts\/74"}],"collection":[{"href":"http:\/\/dachgeschoss.dnsalias.com\/wordpress\/wp-json\/wp\/v2\/posts"}],"about":[{"href":"http:\/\/dachgeschoss.dnsalias.com\/wordpress\/wp-json\/wp\/v2\/types\/post"}],"author":[{"embeddable":true,"href":"http:\/\/dachgeschoss.dnsalias.com\/wordpress\/wp-json\/wp\/v2\/users\/1"}],"replies":[{"embeddable":true,"href":"http:\/\/dachgeschoss.dnsalias.com\/wordpress\/wp-json\/wp\/v2\/comments?post=74"}],"version-history":[{"count":1,"href":"http:\/\/dachgeschoss.dnsalias.com\/wordpress\/wp-json\/wp\/v2\/posts\/74\/revisions"}],"predecessor-version":[{"id":75,"href":"http:\/\/dachgeschoss.dnsalias.com\/wordpress\/wp-json\/wp\/v2\/posts\/74\/revisions\/75"}],"wp:attachment":[{"href":"http:\/\/dachgeschoss.dnsalias.com\/wordpress\/wp-json\/wp\/v2\/media?parent=74"}],"wp:term":[{"taxonomy":"category","embeddable":true,"href":"http:\/\/dachgeschoss.dnsalias.com\/wordpress\/wp-json\/wp\/v2\/categories?post=74"},{"taxonomy":"post_tag","embeddable":true,"href":"http:\/\/dachgeschoss.dnsalias.com\/wordpress\/wp-json\/wp\/v2\/tags?post=74"}],"curies":[{"name":"wp","href":"https:\/\/api.w.org\/{rel}","templated":true}]}}