{"id":72,"date":"2011-10-25T22:07:00","date_gmt":"2011-10-25T20:07:00","guid":{"rendered":"http:\/\/192.168.3.11\/wordpress\/?p=72"},"modified":"2024-01-30T17:31:34","modified_gmt":"2024-01-30T16:31:34","slug":"achterbahn-der-gefuehle-tagebuch-eines-krippenkindes","status":"publish","type":"post","link":"http:\/\/dachgeschoss.dnsalias.com\/wordpress\/2011\/10\/25\/achterbahn-der-gefuehle-tagebuch-eines-krippenkindes\/","title":{"rendered":"Achterbahn der Gef\u00fchle-Tagebuch eines Krippenkindes"},"content":{"rendered":"\n<p>Hall\u00f6chen Ihr Lieben,<\/p>\n\n\n\n<p>letzte Woche am 17. Oktober um 9 Uhr war es nun so weit. Ich bin zum allerersten Mal in meinem Leben in die Krippe gegangen.&nbsp;<\/p>\n\n\n\n<p>Meine Mama war beim Betreten der Kita so nerv\u00f6s und aufgeregt wie in kaum einer anderen Situation in ihrem Leben. Etwas zittrig hat sie mich aus meinem Skianzug gepellt und in den Gruppenraum gesetzt. Ich war sofort begeistert von dieser Umgebung und machte mich auf Entdeckungsreise. Meine Mama hat in sicherer Entfernung alles beobachtet. Alles war gut bis die gro\u00dfen Jungs mit ihren Bobbycars kamen und lautstark um mich herumfuhren. Das hat mich etwas ver\u00e4ngstigt und ich musste erst einmal zu Mama auf den Arm. Nach kurzem Trost und einer Probe der Autos mit Mama war alles wieder gut es ging weiter. Munter bin ich durch alle Gruppenr\u00e4ume geflitzt und habe mich am meisten f\u00fcr die gro\u00dfen Jungs mit den Bobbycars interessiert. Leider ist mir einer dabei \u00fcber die Finger gefahren, das war echt schmerzhaft. Nach ca. 1,5h war ich dann so ersch\u00f6pft von den ganzen neuen Eindr\u00fccken, dass ich mir am Ende noch ein sch\u00f6nes Horn zugef\u00fcgt habe. Tja, aber ein Indianer kennt keinen Schmerz;-) Ich fand den ersten Tag toll!!! Meine Mama hingegen kam mit der neuen Situation gar nicht klar. Sie hat einiges gest\u00f6rt und sich alles irgendwie ganz anders vorgestellt. Also fuhren wir, sie sehr entt\u00e4uscht und ich sehr m\u00fcde nach Hause. Aber nach einigen aufbauenden Worten von Wolldeckenoma und Oma Vroni ging es auch ihr wieder besser und ich musste zum Gl\u00fcck nicht den Kindergarten wechseln;-).<\/p>\n\n\n\n<p>Der zweite Tag begann mit einem tollen Singekreis. Alle Kinder der Kita haben sich in einem Kreis aufgestellt und wir haben mit Gitarrenbegleitung viele Lieder gesungen. Das war richtig toll, auch f\u00fcr meine Mama. Nach und nach haben wir uns beide an die neue Situation gew\u00f6hnt und wurden immer entspannter und gel\u00f6ster. Die erste Woche haben wir mit dem w\u00f6chentlichen Wandertag beendet und konnten frohen Mutes ins Wochenende gehen. Leider habe ich mich irgendwie angesteckt, denn in unserer M\u00e4usegruppe hat fast jedes zweite Kind ne dicke Rotznase. So waren die letzten N\u00e4chte weder f\u00fcr mich noch f\u00fcr meine Eltern sehr entspannt;-(.&nbsp;<\/p>\n\n\n\n<p>Heute am Dienstag 25.10.2011 bin ich zum 5 Mal in die Krippe gegangen. Eigentlich wollte Mama mich wegen meiner Erk\u00e4ltung Zuhause lassen, aber zum Gl\u00fcck sind wir gegangen, denn heute ging richtig die Post ab. Benno wurde 1 Jahr und seine Mama hat nen super leckeren Schokokuchen gebacken. Ich durfte zum ersten Mal Kuchen essen mmmmmhhhh. Ich habe so schnell gegessen, dass ich von meiner Erzieherin gleich noch ein St\u00fcck bekommen habe;-). (Mama hat es glaube ich nicht gesehen;-))Und danach gings auf zum Kindergottesdienst. Dort haben wir zuerst den Glocken zugeh\u00f6rt, die extra f\u00fcr uns gespielt wurden und dann hat die Pastorin mit uns ganz viel gesungen und getanzt. Alle Kinder waren wie aus dem H\u00e4uschen inklusive mir;-). Ich war von dem ganzen so aufgedreht, dass ein Mittagsschlaf heute absolut nicht drin war. Meine arme Mama musste erst mit mir spazieren gehen, damit ich etwas zur Ruhe kommen konnte.&nbsp;<\/p>\n\n\n\n<p>Tja und nun liege ich v\u00f6llig ersch\u00f6pft im Bett und wenn mich mein Husten nicht wieder aufweckt, werde ich heute sehr gut schlafen k\u00f6nnen.<\/p>\n\n\n\n<p>&nbsp;Also eine gute Nacht<\/p>\n\n\n\n<p>So heute Mittwoch, den 26.10.2011 sind Mama und ich wieder zur gewohnten Uhrzeit zum Kindergarten. Zun\u00e4chst war Mama wie immer in sicherer Entfernung, doch dann habe ich ihr zu verstehen gegeben, dass ich mich nicht wirklich um sie k\u00fcmmern kann, denn es ist einfach zu interessant in der M\u00e4usegruppe. Heute haben wir z.B. einen K\u00fcrbis ausgeh\u00f6hlt, um ihn f\u00fcr Halloween zu gestalten. Nach einer halben Stunde hat sich Mama also aufgemacht, um in die Stadt zu gehen. Vorher hat sie nat\u00fcrlich noch kurz mit den Erzieherinnen gesprochen und ihnen noch mal zu verstehen gegeben, dass sie unbedingt auf mich aufpassen m\u00fcssen, wenn ich auf etwas raufklettere, denn ich lasse mich gern nach hinten fallen, wenn ich ganz oben angekommen bin, auch dass ich T\u00fcren mag und eine Affinit\u00e4t zum Einklemmen der Finger habe, musste sie ihnen noch petzen. Mama Mama&#8230;.Sie hat sich kurz von mir verabschiedet, aber ich habe ihr zu Liebe einfach so getan, als ob ich es gar nicht mitbekommen habe;-), sonst f\u00e4llt es ihr doch sooo schwer. Sie ist in die Stadt und dort bestimmt total ziellos rumgeiirt, denn ohne mich macht es ihr einfach nicht so viel Spa\u00df, aber daran muss sie sich gew\u00f6hnen! Als sie dann nach 30 Minuten wieder auf der Matte stand, hat sie erwartet,dass ich sie st\u00fcrmich begr\u00fc\u00dfe. Meine Erzieherin meinte: Guck mal Mattes, wer da kommt! und ich w\u00e4re fast losgerannt, aber ich wollte ja so tun, als ob ich ihr Fortgehen gar nicht mitbekommen habe, also gab es von der Ferne nur ein kurzes L\u00e4cheln. Das hat Mama etwas irritiert, aber sie war alles in allem gl\u00fccklich und erleichtert, dass alles so gut geklappt hat.<\/p>\n\n\n\n<p>Euer Mattes<\/p>\n","protected":false},"excerpt":{"rendered":"<p>Hall\u00f6chen Ihr Lieben, letzte Woche am 17. Oktober um 9 Uhr war es nun so weit. Ich bin zum allerersten Mal in meinem Leben in die Krippe gegangen.&nbsp; Meine Mama war beim Betreten der Kita so nerv\u00f6s und aufgeregt wie in kaum einer anderen Situation in ihrem Leben. Etwas zittrig hat sie mich aus meinem &hellip; <a href=\"http:\/\/dachgeschoss.dnsalias.com\/wordpress\/2011\/10\/25\/achterbahn-der-gefuehle-tagebuch-eines-krippenkindes\/\" class=\"more-link\"><span class=\"screen-reader-text\">Achterbahn der Gef\u00fchle-Tagebuch eines Krippenkindes<\/span> weiterlesen <span class=\"meta-nav\">&rarr;<\/span><\/a><\/p>\n","protected":false},"author":1,"featured_media":0,"comment_status":"closed","ping_status":"","sticky":false,"template":"","format":"standard","meta":[],"categories":[1],"tags":[],"_links":{"self":[{"href":"http:\/\/dachgeschoss.dnsalias.com\/wordpress\/wp-json\/wp\/v2\/posts\/72"}],"collection":[{"href":"http:\/\/dachgeschoss.dnsalias.com\/wordpress\/wp-json\/wp\/v2\/posts"}],"about":[{"href":"http:\/\/dachgeschoss.dnsalias.com\/wordpress\/wp-json\/wp\/v2\/types\/post"}],"author":[{"embeddable":true,"href":"http:\/\/dachgeschoss.dnsalias.com\/wordpress\/wp-json\/wp\/v2\/users\/1"}],"replies":[{"embeddable":true,"href":"http:\/\/dachgeschoss.dnsalias.com\/wordpress\/wp-json\/wp\/v2\/comments?post=72"}],"version-history":[{"count":1,"href":"http:\/\/dachgeschoss.dnsalias.com\/wordpress\/wp-json\/wp\/v2\/posts\/72\/revisions"}],"predecessor-version":[{"id":73,"href":"http:\/\/dachgeschoss.dnsalias.com\/wordpress\/wp-json\/wp\/v2\/posts\/72\/revisions\/73"}],"wp:attachment":[{"href":"http:\/\/dachgeschoss.dnsalias.com\/wordpress\/wp-json\/wp\/v2\/media?parent=72"}],"wp:term":[{"taxonomy":"category","embeddable":true,"href":"http:\/\/dachgeschoss.dnsalias.com\/wordpress\/wp-json\/wp\/v2\/categories?post=72"},{"taxonomy":"post_tag","embeddable":true,"href":"http:\/\/dachgeschoss.dnsalias.com\/wordpress\/wp-json\/wp\/v2\/tags?post=72"}],"curies":[{"name":"wp","href":"https:\/\/api.w.org\/{rel}","templated":true}]}}