{"id":66,"date":"2011-09-09T13:19:00","date_gmt":"2011-09-09T11:19:00","guid":{"rendered":"http:\/\/192.168.3.11\/wordpress\/?p=66"},"modified":"2024-01-30T17:25:51","modified_gmt":"2024-01-30T16:25:51","slug":"nachmittagsbrei","status":"publish","type":"post","link":"http:\/\/dachgeschoss.dnsalias.com\/wordpress\/2011\/09\/09\/nachmittagsbrei\/","title":{"rendered":"Nachmittagsbrei"},"content":{"rendered":"\n<p>Hall\u00f6chen Ihr Lieben,<\/p>\n\n\n\n<p>der letzte einstellige Monat hat am Mittwoch begonnen. Ich bin nun ein 3\/4 Jahr alt und f\u00fchle mich auch so;-). Ich kann seit einer Woche mich zum Stehen hochziehen. Das ist zwar zur Zeit noch mit viel Kraftaufwendung m\u00f6glich und sieht noch lange nicht so elegant wie bei meinem Kumpel Moritz aus, der jetzt \u00fcbrigens schon an einer Art Puppenwagen (extra f\u00fcr Kirstin ;-)) durch die Wohnung l\u00e4uft, aber ich arbeite t\u00e4glich daran. Neben meiner sich gut entwickelnden Motorik, (die ich unverkennlich von meinem Papa geerbt habe;-)), habe ich meinen Sprachwortschatz von mamama.. auf bababa, gagaga und ein rollendes rrrrrrrrrrrrr erweitert. Ich kann auch in den h\u00f6chsten T\u00f6nen Juchzen aber auch Schimpfen.&nbsp;<\/p>\n\n\n\n<p>Und heute war ich zur Zwischenuntersuchung beim Kinderarzt. Als dieser zur T\u00fcr reinkam, hat dieser schallend angefangen zu Lachen und meinte zu meiner Mama:&#8220; Na mit dem werden sie noch viel Spa\u00df haben. Ihm sitzt der Schalk ja im Nacken.&#8220; Keine Ahnung, was er damit meint;-)? Mama hat ihm auf jeden Fall. zugestimmt&#8230;Auf jeden Fall habe ich ihm den verregneten Tag vers\u00fc\u00dft. Na gut aber mal zum Wesentlichen. Ich wiege bereits 9260g, bin 72cm gro\u00df und der Umfang von meinem Dickkopf betr\u00e4gt ca. 46cm. Mit diesen Daten bin ich mit meinem Gewicht etwas schwerer als der Durchschnitt und mit der Gr\u00f6\u00dfe etwas kleiner. Ich bin eben doch ein waschechter Wendorf ;-).<\/p>\n\n\n\n<p>So und nun zu einem ganz anderen Thema. Der Ernst des Lebens beginnt bald f\u00fcr mich. Es sind noch gut 4 Wochen und dann gehe ich in die M\u00e4usegruppe in den Kindergarten. Oh man, wir sind alle schon ganz aufgeregt.&nbsp; Meine Mama, die ja die ganze Sache erst angeleiert hat, bekommt mittlerweile weiche Knie bei dem Gedanken. Ich meinerseits freue mich endlich mit anderen Kindern den Tag zu verbringen. Und im November kommt ja eh mein Kumpel Moritz dazu. Dann gehts richtig ab in der M\u00e4usegruppe;-).&nbsp;<\/p>\n\n\n\n<p>Tja, f\u00fcr die Mama von Moritz beginnt am Montag leider auch wieder der Ernst des Lebens. Sehr schade, denn unsere M\u00fctter haben sich fast t\u00e4glich gesehen und wir konnten immer so sch\u00f6n zusammen spielen. Moritz und ich haben letztens sogar unser erstes Konzert vierh\u00e4ndig am Klavier gegeben. Zeitgen\u00f6ssische Musik mit dem Titel &#8222;Nachmittagsbrei&#8220;. Ohne viel Probe ein voller Erfolg!<\/p>\n\n\n\n<p>Na ja, mehr habe ich erst einmal nicht zu berichten.<\/p>\n\n\n\n<p>Ein sch\u00f6nes Wochenende w\u00fcnscht Euch<\/p>\n\n\n\n<p>Euer Mattes<\/p>\n","protected":false},"excerpt":{"rendered":"<p>Hall\u00f6chen Ihr Lieben, der letzte einstellige Monat hat am Mittwoch begonnen. Ich bin nun ein 3\/4 Jahr alt und f\u00fchle mich auch so;-). Ich kann seit einer Woche mich zum Stehen hochziehen. Das ist zwar zur Zeit noch mit viel Kraftaufwendung m\u00f6glich und sieht noch lange nicht so elegant wie bei meinem Kumpel Moritz aus, &hellip; <a href=\"http:\/\/dachgeschoss.dnsalias.com\/wordpress\/2011\/09\/09\/nachmittagsbrei\/\" class=\"more-link\"><span class=\"screen-reader-text\">Nachmittagsbrei<\/span> weiterlesen <span class=\"meta-nav\">&rarr;<\/span><\/a><\/p>\n","protected":false},"author":1,"featured_media":0,"comment_status":"closed","ping_status":"","sticky":false,"template":"","format":"standard","meta":[],"categories":[1],"tags":[],"_links":{"self":[{"href":"http:\/\/dachgeschoss.dnsalias.com\/wordpress\/wp-json\/wp\/v2\/posts\/66"}],"collection":[{"href":"http:\/\/dachgeschoss.dnsalias.com\/wordpress\/wp-json\/wp\/v2\/posts"}],"about":[{"href":"http:\/\/dachgeschoss.dnsalias.com\/wordpress\/wp-json\/wp\/v2\/types\/post"}],"author":[{"embeddable":true,"href":"http:\/\/dachgeschoss.dnsalias.com\/wordpress\/wp-json\/wp\/v2\/users\/1"}],"replies":[{"embeddable":true,"href":"http:\/\/dachgeschoss.dnsalias.com\/wordpress\/wp-json\/wp\/v2\/comments?post=66"}],"version-history":[{"count":1,"href":"http:\/\/dachgeschoss.dnsalias.com\/wordpress\/wp-json\/wp\/v2\/posts\/66\/revisions"}],"predecessor-version":[{"id":67,"href":"http:\/\/dachgeschoss.dnsalias.com\/wordpress\/wp-json\/wp\/v2\/posts\/66\/revisions\/67"}],"wp:attachment":[{"href":"http:\/\/dachgeschoss.dnsalias.com\/wordpress\/wp-json\/wp\/v2\/media?parent=66"}],"wp:term":[{"taxonomy":"category","embeddable":true,"href":"http:\/\/dachgeschoss.dnsalias.com\/wordpress\/wp-json\/wp\/v2\/categories?post=66"},{"taxonomy":"post_tag","embeddable":true,"href":"http:\/\/dachgeschoss.dnsalias.com\/wordpress\/wp-json\/wp\/v2\/tags?post=66"}],"curies":[{"name":"wp","href":"https:\/\/api.w.org\/{rel}","templated":true}]}}