{"id":64,"date":"2011-08-19T20:46:00","date_gmt":"2011-08-19T18:46:00","guid":{"rendered":"http:\/\/192.168.3.11\/wordpress\/?p=64"},"modified":"2024-01-30T17:24:57","modified_gmt":"2024-01-30T16:24:57","slug":"mamamamamamam","status":"publish","type":"post","link":"http:\/\/dachgeschoss.dnsalias.com\/wordpress\/2011\/08\/19\/mamamamamamam\/","title":{"rendered":"Mamamamamamam!!!!!!!!!"},"content":{"rendered":"\n<p>Hall\u00f6chen Ihr Lieben,<\/p>\n\n\n\n<p>&nbsp;da bin ich wieder. Etwas sp\u00e4t, denn mein 8monatiger Geburtstag liegt jetzt schon fast 2 Wochen zur\u00fcck. Ich war auf gro\u00dfer Urlaubsreise zu allen Omas und Uromas. Und das war eine tolle und aufregende Zeit. Es hat mir richtig gut getan und ich habe wahnsinnige Fortschritte gemacht.&nbsp;<\/p>\n\n\n\n<p>Zuerst waren meine Eltern mit mir bei meinen Gro\u00dfeltern Ilona und Lutz auf der Sonneninsel Usedom. Leider hatten wir mehr Regen als Sonne, aber wir haben&nbsp; trotzdem unseren Spa\u00df gehabt. Ich bin viel auf dem R\u00fccken von meinem Papa am Strand und im Wald gewandert und habe mich \u00fcber alles gefreut, was ich neu entdecken konnte. W\u00e4hrend der wenigen Sonnentage bin ich mit meinen Eltern an den Strand gegangen und das war so inspirierend f\u00fcr mich, dass ich noch vor meinem 8monatigen Geburtstag am Strand gekrabbelt bin. Dabei habe ich die Silben mamamamam immerzu lautstark verk\u00fcndet. Der ganze Strand war entz\u00fcckt!!!!!!!!!!! Und ich war begeistert vom vielen vielen Sand. Der f\u00e4sst sich so gut an und man kann ihn so gut in den Mund stecken und am Abend rieselt es aus allen Poren;-). Wenn ich nicht den Strand erkundet habe, dann habe ich mit&nbsp; sch\u00f6nen M\u00e4dels in Bikini gesch\u00e4kert.&nbsp;<\/p>\n\n\n\n<p>In der letzten Urlaubswoche war ich Zuhause bei Oma Vroni und Opa Rudi und habe gelernt wie man beim Nein-Sagen den Kopf sch\u00fcttelt und sich die M\u00fctze allein vom Kopf zieht (gegen den Willen von meiner Mama&nbsp; ;-)). Und mein 3. Zahn ist dieser Zeit zum Vorschein gekommen. Ein gro\u00dfer linker oberer Schneidezahn. Seitdem m\u00f6chte meine Mama mir auch morgens die Flasche geben;-(. Zur Zeit str\u00e4ube ich mich noch dagegen, aber sie wird sich wohl durchsetzen;-(. Die anderen Mahlzeiten bekomme ich bereits komplett Brei (mal Haferflocken mit Milch, mal kleine gequetschte Banane mit Apfel, Dinkelbrei, Hirsebrei&#8230;.) und mittags Mamas Standardmenue Karotte, Kartoffel und Rind aus dem M\u00fcller ;-). Ich kann sogar schon Brei mit St\u00fcckchen essen ohne mich zu verschlucken. Das Essen macht mir keine Sorgen, nur wenn jemand etwas isst, ohne mir etwas abzugeben, werde ich etwas zappelig und n\u00f6rgelig.Und dann haben mich meine Eltern zum allerersten Mal ganz allein f\u00fcr mehr als 24h gelassen, denn sie sind auf die Hochzeit von Stephan und Jenny in Hamburg gefahren. Aber wenn sie gedacht haben, mir macht das irgendetwas aus, dann haben sie sich aber m\u00e4chtig geirrt. Ich hatte meinen Spa\u00df mit Wolldeckenoma und Opa, Oma Vroni und Opa Rudi, Chrissi und Wiebke &#8230;..Meine Mama hat es auch widererwartend gut gemeistert. Es wurde keine Tr\u00e4ne vergossen und sie haben sich pr\u00e4chtig auf der Feier am\u00fcsiert.<\/p>\n\n\n\n<p>Alles in allem war mein erster Sommerurlaub ein voller Erfolg. Ob es f\u00fcr meine Eltern auch immer so entspannt war wie f\u00fcr mich, kann ich nicht sagen ;-), mir hat es jedenfalls super gefallen. Und ich habe meine Eltern damit belohnt, dass ich sie fast jede Nacht von 18 Uhr abends bis morgens um 5 Uhr durchschlafen lassen habe. Die tollen Ostsseephotos sind um 6 Uhr morgens geschossen worden.<\/p>\n\n\n\n<p>Zur Zeit sind meine Wolldeckenoma und Opa zu Besuch. Und da bei uns der Sommer zur\u00fcckgekehrt ist, genie\u00dfen wir das sch\u00f6ne Wetter meist den ganzen Tag drau\u00dfen.&nbsp;<\/p>\n\n\n\n<p>So ich hoffe, Ihr seid dem Regen entkommen und w\u00fcnsche noch einen sch\u00f6nen August.<\/p>\n\n\n\n<p>Bis bald Euer Mattes<\/p>\n","protected":false},"excerpt":{"rendered":"<p>Hall\u00f6chen Ihr Lieben, &nbsp;da bin ich wieder. Etwas sp\u00e4t, denn mein 8monatiger Geburtstag liegt jetzt schon fast 2 Wochen zur\u00fcck. Ich war auf gro\u00dfer Urlaubsreise zu allen Omas und Uromas. Und das war eine tolle und aufregende Zeit. Es hat mir richtig gut getan und ich habe wahnsinnige Fortschritte gemacht.&nbsp; Zuerst waren meine Eltern mit &hellip; <a href=\"http:\/\/dachgeschoss.dnsalias.com\/wordpress\/2011\/08\/19\/mamamamamamam\/\" class=\"more-link\"><span class=\"screen-reader-text\">Mamamamamamam!!!!!!!!!<\/span> weiterlesen <span class=\"meta-nav\">&rarr;<\/span><\/a><\/p>\n","protected":false},"author":1,"featured_media":0,"comment_status":"closed","ping_status":"","sticky":false,"template":"","format":"standard","meta":[],"categories":[1],"tags":[],"_links":{"self":[{"href":"http:\/\/dachgeschoss.dnsalias.com\/wordpress\/wp-json\/wp\/v2\/posts\/64"}],"collection":[{"href":"http:\/\/dachgeschoss.dnsalias.com\/wordpress\/wp-json\/wp\/v2\/posts"}],"about":[{"href":"http:\/\/dachgeschoss.dnsalias.com\/wordpress\/wp-json\/wp\/v2\/types\/post"}],"author":[{"embeddable":true,"href":"http:\/\/dachgeschoss.dnsalias.com\/wordpress\/wp-json\/wp\/v2\/users\/1"}],"replies":[{"embeddable":true,"href":"http:\/\/dachgeschoss.dnsalias.com\/wordpress\/wp-json\/wp\/v2\/comments?post=64"}],"version-history":[{"count":1,"href":"http:\/\/dachgeschoss.dnsalias.com\/wordpress\/wp-json\/wp\/v2\/posts\/64\/revisions"}],"predecessor-version":[{"id":65,"href":"http:\/\/dachgeschoss.dnsalias.com\/wordpress\/wp-json\/wp\/v2\/posts\/64\/revisions\/65"}],"wp:attachment":[{"href":"http:\/\/dachgeschoss.dnsalias.com\/wordpress\/wp-json\/wp\/v2\/media?parent=64"}],"wp:term":[{"taxonomy":"category","embeddable":true,"href":"http:\/\/dachgeschoss.dnsalias.com\/wordpress\/wp-json\/wp\/v2\/categories?post=64"},{"taxonomy":"post_tag","embeddable":true,"href":"http:\/\/dachgeschoss.dnsalias.com\/wordpress\/wp-json\/wp\/v2\/tags?post=64"}],"curies":[{"name":"wp","href":"https:\/\/api.w.org\/{rel}","templated":true}]}}