{"id":60,"date":"2011-07-10T19:47:00","date_gmt":"2011-07-10T17:47:00","guid":{"rendered":"http:\/\/192.168.3.11\/wordpress\/?p=60"},"modified":"2024-01-30T17:23:05","modified_gmt":"2024-01-30T16:23:05","slug":"geschafft","status":"publish","type":"post","link":"http:\/\/dachgeschoss.dnsalias.com\/wordpress\/2011\/07\/10\/geschafft\/","title":{"rendered":"Geschafft !!!"},"content":{"rendered":"\n<p>Hall\u00f6chen Ihr Lieben,<\/p>\n\n\n\n<p>&nbsp;ich habe endlich wieder Kontakt zur Au\u00dfenwelt. Seit diesem Wochenende f\u00fchlen sich meine Eltern wieder als richtige Menschen, denn der Kampf mit dem Internetanbieter ist gewonnen und wir k\u00f6nnen wieder telefonieren und surfen JUHU!!!!!!!!!!!!!!! Es war ein harter und langer Kampf, der meinem Papa die letzten Nerven geraubt hat. Aber es ist geschafft;-).<\/p>\n\n\n\n<p>Falls Ihr es nicht ganz mitbekommen habt. Wir haben seit zwei Wochen ein neues Dach \u00fcber dem Kopf. Und es ist viel passiert w\u00e4hrend der Zeit&#8230;&#8230;Alles in allem war es eine sehr anstrengende Zeit und eine kleine Zerrei\u00dfprobe f\u00fcr meine Eltern. Aber sie haben es geschafft und wir f\u00fchlen uns mittlerweile sehr sehr wohl. Eins ist an dieser Stelle unbedingt zu erw\u00e4hnen. Ohne Euch Claudi und Dirk sowie Kathrin und Paul h\u00e4tten wir das Projekt Umziehen nie so gut \u00fcberstanden. Vielen vielen vielen Dank noch einmal an Euch!!!!!!!!!! Ich f\u00fchle mich in meinem neuen Zimmer pudelwohl und schlafe zur Freude meiner Eltern viel besser als in der alten Wohnung. Um 18 Uhr bin ich meist so m\u00fcde, dass ich ohne Gegenwehr ins Bett gehe, meine Schlafgiraffe an mich kuschel, mich auf die linke Seite drehe,&#8230;Schnarch&#8230;.<\/p>\n\n\n\n<p>Und letzten Donnerstag, den 7.07.2011 habe ich auf meinen 7 monatigen Geburtstag im Stadtpark in Homburg angesto\u00dfen. Und was mich besonders gefreut hat, ich konnte nicht nur mit Mama und Papa ansto\u00dfen, sondern auch mit Oma Vroni aus Berlin;-)!! Sie hat uns f\u00fcr eine paar Tage in unserem neuen Heim besucht und ich hatte eine tolle Zeit mit ihr. Jeden Morgen habe ich sie zwischen 6.30 Uhr und 8 Uhr geweckt und bin in ihr Bett gekrabbelt. Wir haben viel gelacht, gesungen und gekuschelt. Und Mama hatte endlich mal freie Bahn zum Streichen des Treppenhauses ;-). Und f\u00fcr den Garten haben wir einige Sachen mit Oma Vroni besorgt, die meine Eltern gleich an diesem Wochenende ausprobiert haben. Sie sind jetzt n\u00e4mlich kleine G\u00e4rtner und haben noch Spa\u00df an allem selbst am Unkrautzupfen;-). Schade, dass Oma Vroni jetzt wieder weg ist, aber wir sehen uns ja schon ganz bald an der Ostsee wieder&#8230;&#8230;&#8230;&#8230;..Es war eine wundersch\u00f6ne Zei! Danke!<\/p>\n\n\n\n<p>Nun wollt Ihr sicher auch Neuigkeiten zu mir erfahren!? Also ich bin mopsfidel und \u00fcbe seit ca. 1,5 Wochen mich auf die Knie und H\u00e4nde zu stellen und wackele dann vor und zur\u00fcck, um ganz bald die ersten Krabbelversuche zu starten. Das Sitzen hingegen klappt seit ca. 1 Woche fast ohne Hilfe. Das ist was ganz Feines, denn so bekommt man viel mehr mit und endlich darf ich auch in meinem Hochstuhl mit am Tisch sitzen und meine Eltern beim Essen beobachten. Essen ist ebenfalls ein gutes Thema. Ich habe meine Speisekarte neben dem Fleisch-Gem\u00fcse-Kartoffelbrei auf einen Hafer &#8211; oder Grie\u00dfbrei am Abend seit ca.1 Woche erweitert. Essen kann ich alles und immer und ich kann es gar nicht leiden, wenn mir jemand etwas vorisst, denn dann k\u00f6nnte ich aus der Haut fahren. Das m\u00fcssen meine Eltern erst noch lernen. Sie k\u00f6nnen mich nicht einfach zu sich setzen und w\u00e4hrend sie lecker essen mich mit einem bl\u00f6den Plastikdeckel vom Trinkfix vertr\u00f6sten. So nicht meine Lieben!Das Trinken klappt endlich auch viel besser.Ich bekomme nach den Breimahlzeiten etwas abgekochtes Leitungswasser mit einer Nuckelflasche. Tja die Milchmahlzeiten werden immer weniger ;-(. N\u00e4chste Woche m\u00f6chte meine Mama den Nachmittagsbrei einf\u00fchren. Ich bin mal gespannt wie Obst \u00fcberhaupt schmeckt. Und meine Mama m\u00f6chte mir bis zu unserem Urlaub beibringen, dass unser n\u00e4chtliches Treffen nicht mehr stattfinden wird. Tja da bin aber gar nicht einverstanden und das wird noch einige gro\u00dfe n\u00e4chtliche Theater geben. Mal sehen, wer den l\u00e4ngeren Atem hat;-). Armer Papa, der am n\u00e4chsten Tag arbeiten muss.&nbsp;<\/p>\n\n\n\n<p>So jetzt f\u00e4llt mir nichts mehr ein. Das sind unsere Neuigkeiten.&nbsp;<\/p>\n\n\n\n<p>Ich w\u00fcnsche Euch weiterhin einen sch\u00f6nen Sommer!<\/p>\n\n\n\n<p>Bis bald Euer Mattes<\/p>\n","protected":false},"excerpt":{"rendered":"<p>Hall\u00f6chen Ihr Lieben, &nbsp;ich habe endlich wieder Kontakt zur Au\u00dfenwelt. Seit diesem Wochenende f\u00fchlen sich meine Eltern wieder als richtige Menschen, denn der Kampf mit dem Internetanbieter ist gewonnen und wir k\u00f6nnen wieder telefonieren und surfen JUHU!!!!!!!!!!!!!!! Es war ein harter und langer Kampf, der meinem Papa die letzten Nerven geraubt hat. Aber es ist &hellip; <a href=\"http:\/\/dachgeschoss.dnsalias.com\/wordpress\/2011\/07\/10\/geschafft\/\" class=\"more-link\"><span class=\"screen-reader-text\">Geschafft !!!<\/span> weiterlesen <span class=\"meta-nav\">&rarr;<\/span><\/a><\/p>\n","protected":false},"author":1,"featured_media":0,"comment_status":"closed","ping_status":"","sticky":false,"template":"","format":"standard","meta":[],"categories":[1],"tags":[],"_links":{"self":[{"href":"http:\/\/dachgeschoss.dnsalias.com\/wordpress\/wp-json\/wp\/v2\/posts\/60"}],"collection":[{"href":"http:\/\/dachgeschoss.dnsalias.com\/wordpress\/wp-json\/wp\/v2\/posts"}],"about":[{"href":"http:\/\/dachgeschoss.dnsalias.com\/wordpress\/wp-json\/wp\/v2\/types\/post"}],"author":[{"embeddable":true,"href":"http:\/\/dachgeschoss.dnsalias.com\/wordpress\/wp-json\/wp\/v2\/users\/1"}],"replies":[{"embeddable":true,"href":"http:\/\/dachgeschoss.dnsalias.com\/wordpress\/wp-json\/wp\/v2\/comments?post=60"}],"version-history":[{"count":1,"href":"http:\/\/dachgeschoss.dnsalias.com\/wordpress\/wp-json\/wp\/v2\/posts\/60\/revisions"}],"predecessor-version":[{"id":61,"href":"http:\/\/dachgeschoss.dnsalias.com\/wordpress\/wp-json\/wp\/v2\/posts\/60\/revisions\/61"}],"wp:attachment":[{"href":"http:\/\/dachgeschoss.dnsalias.com\/wordpress\/wp-json\/wp\/v2\/media?parent=60"}],"wp:term":[{"taxonomy":"category","embeddable":true,"href":"http:\/\/dachgeschoss.dnsalias.com\/wordpress\/wp-json\/wp\/v2\/categories?post=60"},{"taxonomy":"post_tag","embeddable":true,"href":"http:\/\/dachgeschoss.dnsalias.com\/wordpress\/wp-json\/wp\/v2\/tags?post=60"}],"curies":[{"name":"wp","href":"https:\/\/api.w.org\/{rel}","templated":true}]}}