{"id":572,"date":"2022-10-21T22:41:00","date_gmt":"2022-10-21T20:41:00","guid":{"rendered":"http:\/\/192.168.3.11\/wordpress\/?p=572"},"modified":"2024-01-30T22:43:07","modified_gmt":"2024-01-30T21:43:07","slug":"vierter-platz-bei-landesentscheid-fuer-sterne-des-sports","status":"publish","type":"post","link":"http:\/\/dachgeschoss.dnsalias.com\/wordpress\/2022\/10\/21\/vierter-platz-bei-landesentscheid-fuer-sterne-des-sports\/","title":{"rendered":"Vierter Platz bei Landesentscheid f\u00fcr Sterne des Sports"},"content":{"rendered":"\n<figure class=\"wp-block-image size-large\"><img decoding=\"async\" loading=\"lazy\" width=\"1024\" height=\"585\" src=\"http:\/\/192.168.3.11\/wordpress\/wp-content\/uploads\/2024\/01\/WhatsApp-Image-2022-10-21-at-15.28.42-1400x800-1-1024x585.jpeg\" alt=\"\" class=\"wp-image-573\" srcset=\"http:\/\/192.168.3.11\/wordpress\/wp-content\/uploads\/2024\/01\/WhatsApp-Image-2022-10-21-at-15.28.42-1400x800-1-1024x585.jpeg 1024w, http:\/\/192.168.3.11\/wordpress\/wp-content\/uploads\/2024\/01\/WhatsApp-Image-2022-10-21-at-15.28.42-1400x800-1-300x171.jpeg 300w, http:\/\/192.168.3.11\/wordpress\/wp-content\/uploads\/2024\/01\/WhatsApp-Image-2022-10-21-at-15.28.42-1400x800-1-768x439.jpeg 768w, http:\/\/192.168.3.11\/wordpress\/wp-content\/uploads\/2024\/01\/WhatsApp-Image-2022-10-21-at-15.28.42-1400x800-1.jpeg 1400w\" sizes=\"(max-width: 1024px) 100vw, 1024px\" \/><\/figure>\n\n\n\n<p>Zum zweiten Mal nach unserer Teilnahme im Jahr 2013, war wieder ein Projekt unseres Vereins beim Wettbewerb \u201eSterne des Sports\u201c vertreten. Dort werden in jedem Jahr Sportvereine gew\u00fcrdigt, welche sich in besonderem Ma\u00dfe gesellschaftlich engagieren. Nachdem wir damals f\u00fcr die Errichtung unseres Biathlon-Landesleistungszentrum f\u00fcr den Landesentscheid nominiert wurden, gelang uns dies in diesem Jahr mit dem Projekt <em>\u201eGro\u00dfes entsteht mit unseren Kleinen\u201c<\/em> erneut. Das Bewerbungsvideo, indem wir unser Projekt vorstellen, findest du hier:<\/p>\n\n\n\n<p><a href=\"https:\/\/www.youtube.com\/embed\/YDl6u2Qi65Q?feature=oembed\">https:\/\/www.youtube.com\/embed\/YDl6u2Qi65Q?feature=oembed<\/a><\/p>\n\n\n\n<p>Bei der Preisverleihung im Festsaal der Saarbr\u00fccker Staatskanzlei ging es f\u00fcr uns und die f\u00fcnf \u00fcbrigen nominierten Vereine nun um den Silbernen Stern des Sports, welcher nicht nur mit 2.500 Euro dotiert ist, sondern zudem zur Teilnahme am Bundesentscheid in Berlin berechtigt. Auch wenn es f\u00fcr uns nicht zum Gewinn dieser Auszeichnung reichte, konnten wir uns am Ende \u00fcber den vierten Platz freuen. Angesichts der beeindruckenden Projekte, die die \u00fcbrigen Nominierten auf die Beine gestellt hatten, war bereits das ein toller Erfolg f\u00fcr unseren Verein. Neben dieser Platzierung konnten wir uns \u00fcber eine F\u00f6rderung in H\u00f6he von 500\u20ac f\u00fcr unsere Bambini-Gruppe freuen, welche uns hilft dieses Projekt auch in Zukunft aufrechtzuerhalten.<\/p>\n\n\n\n<p><strong>Die \u00fcbrigen Nominierten:<\/strong><\/p>\n\n\n\n<ul>\n<li>Karate ohne Grenzen e.V. (1.Platz)<\/li>\n\n\n\n<li>Boxclub Schaumberg e.V. (2.Platz)<\/li>\n\n\n\n<li>SV Saar05 Tanzsport e.V. (3.Platz)<\/li>\n\n\n\n<li>Taekwando Hochwald e.V. (F\u00f6rderpreis)<\/li>\n\n\n\n<li>Lauf und Triathlonfreunde Theeltal e.V. (F\u00f6rderpreis)<\/li>\n<\/ul>\n","protected":false},"excerpt":{"rendered":"<p>Zum zweiten Mal nach unserer Teilnahme im Jahr 2013, war wieder ein Projekt unseres Vereins beim Wettbewerb \u201eSterne des Sports\u201c vertreten. Dort werden in jedem Jahr Sportvereine gew\u00fcrdigt, welche sich in besonderem Ma\u00dfe gesellschaftlich engagieren. Nachdem wir damals f\u00fcr die Errichtung unseres Biathlon-Landesleistungszentrum f\u00fcr den Landesentscheid nominiert wurden, gelang uns dies in diesem Jahr mit &hellip; <a href=\"http:\/\/dachgeschoss.dnsalias.com\/wordpress\/2022\/10\/21\/vierter-platz-bei-landesentscheid-fuer-sterne-des-sports\/\" class=\"more-link\"><span class=\"screen-reader-text\">Vierter Platz bei Landesentscheid f\u00fcr Sterne des Sports<\/span> weiterlesen <span class=\"meta-nav\">&rarr;<\/span><\/a><\/p>\n","protected":false},"author":1,"featured_media":0,"comment_status":"closed","ping_status":"","sticky":false,"template":"","format":"standard","meta":[],"categories":[1],"tags":[],"_links":{"self":[{"href":"http:\/\/dachgeschoss.dnsalias.com\/wordpress\/wp-json\/wp\/v2\/posts\/572"}],"collection":[{"href":"http:\/\/dachgeschoss.dnsalias.com\/wordpress\/wp-json\/wp\/v2\/posts"}],"about":[{"href":"http:\/\/dachgeschoss.dnsalias.com\/wordpress\/wp-json\/wp\/v2\/types\/post"}],"author":[{"embeddable":true,"href":"http:\/\/dachgeschoss.dnsalias.com\/wordpress\/wp-json\/wp\/v2\/users\/1"}],"replies":[{"embeddable":true,"href":"http:\/\/dachgeschoss.dnsalias.com\/wordpress\/wp-json\/wp\/v2\/comments?post=572"}],"version-history":[{"count":1,"href":"http:\/\/dachgeschoss.dnsalias.com\/wordpress\/wp-json\/wp\/v2\/posts\/572\/revisions"}],"predecessor-version":[{"id":575,"href":"http:\/\/dachgeschoss.dnsalias.com\/wordpress\/wp-json\/wp\/v2\/posts\/572\/revisions\/575"}],"wp:attachment":[{"href":"http:\/\/dachgeschoss.dnsalias.com\/wordpress\/wp-json\/wp\/v2\/media?parent=572"}],"wp:term":[{"taxonomy":"category","embeddable":true,"href":"http:\/\/dachgeschoss.dnsalias.com\/wordpress\/wp-json\/wp\/v2\/categories?post=572"},{"taxonomy":"post_tag","embeddable":true,"href":"http:\/\/dachgeschoss.dnsalias.com\/wordpress\/wp-json\/wp\/v2\/tags?post=572"}],"curies":[{"name":"wp","href":"https:\/\/api.w.org\/{rel}","templated":true}]}}