{"id":567,"date":"2023-02-14T22:38:00","date_gmt":"2023-02-14T21:38:00","guid":{"rendered":"http:\/\/192.168.3.11\/wordpress\/?p=567"},"modified":"2024-01-30T22:39:57","modified_gmt":"2024-01-30T21:39:57","slug":"staffel-sieg-kroent-schuelercup-am-arber","status":"publish","type":"post","link":"http:\/\/dachgeschoss.dnsalias.com\/wordpress\/2023\/02\/14\/staffel-sieg-kroent-schuelercup-am-arber\/","title":{"rendered":"Staffel-Sieg kr\u00f6nt Sch\u00fclercup am Arber"},"content":{"rendered":"\n<figure class=\"wp-block-image size-large\"><img decoding=\"async\" loading=\"lazy\" width=\"1024\" height=\"585\" src=\"http:\/\/192.168.3.11\/wordpress\/wp-content\/uploads\/2024\/01\/WhatsApp-Image-2023-02-13-at-21.09.23-1-edited-1400x800-1-1024x585.jpeg\" alt=\"\" class=\"wp-image-568\" srcset=\"http:\/\/192.168.3.11\/wordpress\/wp-content\/uploads\/2024\/01\/WhatsApp-Image-2023-02-13-at-21.09.23-1-edited-1400x800-1-1024x585.jpeg 1024w, http:\/\/192.168.3.11\/wordpress\/wp-content\/uploads\/2024\/01\/WhatsApp-Image-2023-02-13-at-21.09.23-1-edited-1400x800-1-300x171.jpeg 300w, http:\/\/192.168.3.11\/wordpress\/wp-content\/uploads\/2024\/01\/WhatsApp-Image-2023-02-13-at-21.09.23-1-edited-1400x800-1-768x439.jpeg 768w, http:\/\/192.168.3.11\/wordpress\/wp-content\/uploads\/2024\/01\/WhatsApp-Image-2023-02-13-at-21.09.23-1-edited-1400x800-1.jpeg 1400w\" sizes=\"(max-width: 1024px) 100vw, 1024px\" \/><\/figure>\n\n\n\n<p>Am Mittwoch 08.02.2023 ging es f\u00fcr den saarl\u00e4ndischen Biathlon-Perspektivkader zu ihrem ersten Deutschen Sch\u00fclercup auf Ski zum Arber im Bayerischen Wald.<\/p>\n\n\n\n<p>Die Bedingungen f\u00fcr das offizielle Training am Donnerstag h\u00e4tten besser nicht sein k\u00f6nnen: Sonne, Windstille und -13 Grad. Auf perfekt pr\u00e4parierten Strecken machten sich unsere Athleten Marie-Christine Wilhelm (AK 15), Wilhlem Pahl (AK 15), Moritz Toerlitz (AK 14) und Mattes Wendorf (AK 13) mit den sehr anspruchsvollen Strecken und dem Schie\u00dfstand vertraut.<\/p>\n\n\n\n<p>Mit einer gewissen Anspannung ging es dann am Freitag f\u00fcr alle bei hervorragenden Bedingungen an den Start . Gelaufen wurde ein Einzelwettkampf, bei dem pro Fehler abh\u00e4ngig von der Alterklasse (AK) eine Strafzeit von 30 bis 45 Sekunden auf die Gesamtlaufzeit berechnet wird. Marie-Christine, Wilhelm und Moritz zeigten sehr solide Schie\u00dfeinlagen und belegten in sehr stark besetzten Altersklassen die Pl\u00e4tze 33, 42 und 34. Mattes ging als Favorit in seiner Altersklasse an den Start und belegte mit viertbester Laufzeit, aber 5 Fehlern den 10 Platz. Mit diesem Top 10 Ergebnis sicherte er sich die Gesamtf\u00fchrung in der Pokalwertung und durfte am Samstag im Sprint im pinken Trikot starten.<\/p>\n\n\n\n<figure class=\"wp-block-image\"><img decoding=\"async\" src=\"https:\/\/biathlonteam-saarland.de\/wp-content\/uploads\/2023\/02\/WhatsApp-Image-2023-02-13-at-21.09.25-1-1-1024x382.jpeg\" alt=\"\" class=\"wp-image-1160\"\/><figcaption class=\"wp-element-caption\">Bei herrlichen \u00e4u\u00dferen Bedingungen wurden die Einzel-Rennen am Arber ausgetragen<\/figcaption><\/figure>\n\n\n\n<p>Dort waren die Bedingungen jedoch alles andere als gut: Starker Wind, Hagel und Regen machten das Arbeiten sowohl am Schie\u00dfstand als auch auf der Strecke extrem schwierig. F\u00fcr jeden Schie\u00dffehler musste eine 100m lange Strafrunde absolviert werden. Die extremen Wetterbedingungen f\u00fchrten dazu, dass die Treffer im Schie\u00dfstand einem Roulette-Spiel glichen. Au\u00dfer Marie-Christine, die am Schie\u00dfstand brillierte sammelten alle Sportler ordentlich Strafrunden. Trotzdem reichte es f\u00fcr den saarl\u00e4ndischen Favoriten Mattes Wendorf mit drittbester Laufzeit am Ende f\u00fcr Platz 8.<\/p>\n\n\n\n<p>Nach zwei anstrengenden Wettkampftagen fanden als Highlight am Sonntag die Staffelwettbewerbe statt. Die Saarl\u00e4nder bildeten dabei eine l\u00e4nder\u00fcbergreifende Staffel in der Altersklasse 13 mit dem Skiclub 1927 K\u00f6then. Vicent Dre\u00dfler, Holly Kreitschmann und Mattes Wendorf sorgten f\u00fcr einen Sensationssieg. Als Mixed-Staffel triumphierten sie \u00fcber alle anderen 20 Staffeln, unter denen auch 10 Teams reine Jungenmannschaften waren.<\/p>\n\n\n\n<p>Am Ende war es ein tolles Wochenende f\u00fcr den saarl\u00e4ndischen Perspektivkader. Die Verteidigung des dritten Platzes in der Pokalwertung wird am 01.03 bis 05.03.2023 in Ruhpolding ausgetragen. Es bleibt spannend!<\/p>\n\n\n\n<figure class=\"wp-block-image\"><img decoding=\"async\" src=\"https:\/\/biathlonteam-saarland.de\/wp-content\/uploads\/2023\/02\/WhatsApp-Image-2023-02-13-at-21.09.24-8-1024x576.jpeg\" alt=\"\" class=\"wp-image-1157\"\/><figcaption class=\"wp-element-caption\">Unsere Athleten beim Sch\u00fclercup am Arber: Marie-Christine Wilhelm, Mattes Wendorf, Moritz Toerlitz und Wilhelm Pahl (von links nach rechts)<\/figcaption><\/figure>\n","protected":false},"excerpt":{"rendered":"<p>Am Mittwoch 08.02.2023 ging es f\u00fcr den saarl\u00e4ndischen Biathlon-Perspektivkader zu ihrem ersten Deutschen Sch\u00fclercup auf Ski zum Arber im Bayerischen Wald. Die Bedingungen f\u00fcr das offizielle Training am Donnerstag h\u00e4tten besser nicht sein k\u00f6nnen: Sonne, Windstille und -13 Grad. Auf perfekt pr\u00e4parierten Strecken machten sich unsere Athleten Marie-Christine Wilhelm (AK 15), Wilhlem Pahl (AK 15), &hellip; <a href=\"http:\/\/dachgeschoss.dnsalias.com\/wordpress\/2023\/02\/14\/staffel-sieg-kroent-schuelercup-am-arber\/\" class=\"more-link\"><span class=\"screen-reader-text\">Staffel-Sieg kr\u00f6nt Sch\u00fclercup am Arber<\/span> weiterlesen <span class=\"meta-nav\">&rarr;<\/span><\/a><\/p>\n","protected":false},"author":1,"featured_media":0,"comment_status":"closed","ping_status":"","sticky":false,"template":"","format":"standard","meta":[],"categories":[1],"tags":[],"_links":{"self":[{"href":"http:\/\/dachgeschoss.dnsalias.com\/wordpress\/wp-json\/wp\/v2\/posts\/567"}],"collection":[{"href":"http:\/\/dachgeschoss.dnsalias.com\/wordpress\/wp-json\/wp\/v2\/posts"}],"about":[{"href":"http:\/\/dachgeschoss.dnsalias.com\/wordpress\/wp-json\/wp\/v2\/types\/post"}],"author":[{"embeddable":true,"href":"http:\/\/dachgeschoss.dnsalias.com\/wordpress\/wp-json\/wp\/v2\/users\/1"}],"replies":[{"embeddable":true,"href":"http:\/\/dachgeschoss.dnsalias.com\/wordpress\/wp-json\/wp\/v2\/comments?post=567"}],"version-history":[{"count":1,"href":"http:\/\/dachgeschoss.dnsalias.com\/wordpress\/wp-json\/wp\/v2\/posts\/567\/revisions"}],"predecessor-version":[{"id":569,"href":"http:\/\/dachgeschoss.dnsalias.com\/wordpress\/wp-json\/wp\/v2\/posts\/567\/revisions\/569"}],"wp:attachment":[{"href":"http:\/\/dachgeschoss.dnsalias.com\/wordpress\/wp-json\/wp\/v2\/media?parent=567"}],"wp:term":[{"taxonomy":"category","embeddable":true,"href":"http:\/\/dachgeschoss.dnsalias.com\/wordpress\/wp-json\/wp\/v2\/categories?post=567"},{"taxonomy":"post_tag","embeddable":true,"href":"http:\/\/dachgeschoss.dnsalias.com\/wordpress\/wp-json\/wp\/v2\/tags?post=567"}],"curies":[{"name":"wp","href":"https:\/\/api.w.org\/{rel}","templated":true}]}}