{"id":561,"date":"2023-06-26T22:34:00","date_gmt":"2023-06-26T20:34:00","guid":{"rendered":"http:\/\/192.168.3.11\/wordpress\/?p=561"},"modified":"2024-01-30T22:36:47","modified_gmt":"2024-01-30T21:36:47","slug":"starke-teamleistung-beim-lebacher-stadtlauf","status":"publish","type":"post","link":"http:\/\/dachgeschoss.dnsalias.com\/wordpress\/2023\/06\/26\/starke-teamleistung-beim-lebacher-stadtlauf\/","title":{"rendered":"Starke Teamleistung beim Lebacher Stadtlauf"},"content":{"rendered":"\n<figure class=\"wp-block-image size-large\"><img decoding=\"async\" loading=\"lazy\" width=\"1024\" height=\"585\" src=\"http:\/\/192.168.3.11\/wordpress\/wp-content\/uploads\/2024\/01\/WhatsApp-Image-2023-06-24-at-08.33.45-edited-1400x800-1-1024x585.jpeg\" alt=\"\" class=\"wp-image-562\" srcset=\"http:\/\/192.168.3.11\/wordpress\/wp-content\/uploads\/2024\/01\/WhatsApp-Image-2023-06-24-at-08.33.45-edited-1400x800-1-1024x585.jpeg 1024w, http:\/\/192.168.3.11\/wordpress\/wp-content\/uploads\/2024\/01\/WhatsApp-Image-2023-06-24-at-08.33.45-edited-1400x800-1-300x171.jpeg 300w, http:\/\/192.168.3.11\/wordpress\/wp-content\/uploads\/2024\/01\/WhatsApp-Image-2023-06-24-at-08.33.45-edited-1400x800-1-768x439.jpeg 768w, http:\/\/192.168.3.11\/wordpress\/wp-content\/uploads\/2024\/01\/WhatsApp-Image-2023-06-24-at-08.33.45-edited-1400x800-1.jpeg 1400w\" sizes=\"(max-width: 1024px) 100vw, 1024px\" \/><\/figure>\n\n\n\n<p>Am Freitag den 23.06.2023 hat unser Biathlon-Team mal wieder am traditionellen Lebacher Stadlauf teilgenommen. Neben der Perspektivgruppe waren zum ersten Mal mit Jan (AK10) und Noah Feld (AK8), Marlena (AK6) und Noah Uder (AK8) unsere Bambinis am Start.<\/p>\n\n\n\n<p>Bei sonnigen und sehr warmen Temperaturen ging unser j\u00fcngstes Mitglied Marlena Uder als Erste auf die 500m lange Laufstrecke. In voller Erwartung auf den Start ist Marlena in der ersten Runde losgesprintet wie die Feuerwehr, so dass die zweite Runde etwas langsamer ausfiel. Am Ende war sie aber \u00fcber ihre Medaille und den Eisgutschein \u00fcbergl\u00fccklich.<\/p>\n\n\n\n<p>Der Rest der Bambinis ging zusammen mit den Sportlern der Perspektivgruppe Marie-Christine Wilhelm (AK15), Moritz Toerlitz (AK14), Mattes Wendorf (AK13) und Ole Wendorf (AK10) auf den doch recht anspruchsvollen 2km Stadtkurs.<\/p>\n\n\n\n<p>Auf dem hei\u00dfen Asphalt haben alle ihr Bestes gegeben. Das Teilnehmerfeld war in diesem Jahr deutlich st\u00e4rker als in den vergangenen Jahren aufgestellt. Trotzdem haben sich alle unsere Sportler im vorderen Feld gezeigt. Mattes (AK13) konnte seinen Gesamtsieg aus dem Vorjahr mit einer Zeit von 7:28 min verteidigen. Danach kam Moritz (AK14) als Zweiter seiner Altersklasse mit 8:02 min ins Ziel. Dritter seiner Altersklasse wurde Ole (AK10) mit 8:45 min. Marie (AK15) hat es mit 9:22min in ihrer Altersklasse auf den ersten Platz geschafft. Jan (AK10) erreichte mit einem guten Zielsprint und 9:35min als Neunter seiner Altersklasse das Ziel. Die beiden Noahs kamen wie immer im Doppelpack (diesmal nicht quatschend) mit einer Zeit von 10:06 min als Vierte ins Ziel.<\/p>\n\n\n\n<p>Diese hervorragenden Leistungen wurden mit einem vom Veranstalter gesponserten Eis belohnt.<\/p>\n\n\n\n<p>Am 5km Lauf nahmen dann neben Henri Bahr (AK15) alle m\u00e4nnlichen Betreuer teil. Mit einer Zeit von 25:01min hat Henri einen guten 111. Platz unter allen M\u00e4nnern belegt.<\/p>\n\n\n\n<p>Kr\u00f6nender Abschluss bildete unsere Trainerstaffel mit Emma Kneipp, Sally Leidinger mit Motivationsl\u00e4ufer Karsten R\u00fcckheim, Juliane und Andreas Wendorf. Mit vollem Ehrgeiz gingen alle auf die Strecke und wurden kr\u00e4ftig vom ganzen Biathlon-Team angefeuert. Am Ende reichte es f\u00fcr einen Platz im Mittelfeld.<\/p>\n\n\n\n<p>Es war ein tolles Erlebnis, das wir hoffentlich n\u00e4chstes Jahr wiederholen werden.<\/p>\n","protected":false},"excerpt":{"rendered":"<p>Am Freitag den 23.06.2023 hat unser Biathlon-Team mal wieder am traditionellen Lebacher Stadlauf teilgenommen. Neben der Perspektivgruppe waren zum ersten Mal mit Jan (AK10) und Noah Feld (AK8), Marlena (AK6) und Noah Uder (AK8) unsere Bambinis am Start. Bei sonnigen und sehr warmen Temperaturen ging unser j\u00fcngstes Mitglied Marlena Uder als Erste auf die 500m &hellip; <a href=\"http:\/\/dachgeschoss.dnsalias.com\/wordpress\/2023\/06\/26\/starke-teamleistung-beim-lebacher-stadtlauf\/\" class=\"more-link\"><span class=\"screen-reader-text\">Starke Teamleistung beim Lebacher Stadtlauf<\/span> weiterlesen <span class=\"meta-nav\">&rarr;<\/span><\/a><\/p>\n","protected":false},"author":1,"featured_media":0,"comment_status":"closed","ping_status":"","sticky":false,"template":"","format":"standard","meta":[],"categories":[1],"tags":[],"_links":{"self":[{"href":"http:\/\/dachgeschoss.dnsalias.com\/wordpress\/wp-json\/wp\/v2\/posts\/561"}],"collection":[{"href":"http:\/\/dachgeschoss.dnsalias.com\/wordpress\/wp-json\/wp\/v2\/posts"}],"about":[{"href":"http:\/\/dachgeschoss.dnsalias.com\/wordpress\/wp-json\/wp\/v2\/types\/post"}],"author":[{"embeddable":true,"href":"http:\/\/dachgeschoss.dnsalias.com\/wordpress\/wp-json\/wp\/v2\/users\/1"}],"replies":[{"embeddable":true,"href":"http:\/\/dachgeschoss.dnsalias.com\/wordpress\/wp-json\/wp\/v2\/comments?post=561"}],"version-history":[{"count":1,"href":"http:\/\/dachgeschoss.dnsalias.com\/wordpress\/wp-json\/wp\/v2\/posts\/561\/revisions"}],"predecessor-version":[{"id":563,"href":"http:\/\/dachgeschoss.dnsalias.com\/wordpress\/wp-json\/wp\/v2\/posts\/561\/revisions\/563"}],"wp:attachment":[{"href":"http:\/\/dachgeschoss.dnsalias.com\/wordpress\/wp-json\/wp\/v2\/media?parent=561"}],"wp:term":[{"taxonomy":"category","embeddable":true,"href":"http:\/\/dachgeschoss.dnsalias.com\/wordpress\/wp-json\/wp\/v2\/categories?post=561"},{"taxonomy":"post_tag","embeddable":true,"href":"http:\/\/dachgeschoss.dnsalias.com\/wordpress\/wp-json\/wp\/v2\/tags?post=561"}],"curies":[{"name":"wp","href":"https:\/\/api.w.org\/{rel}","templated":true}]}}