{"id":56,"date":"2011-06-07T19:46:00","date_gmt":"2011-06-07T17:46:00","guid":{"rendered":"http:\/\/192.168.3.11\/wordpress\/?p=56"},"modified":"2024-01-30T17:21:23","modified_gmt":"2024-01-30T16:21:23","slug":"kordelmattes","status":"publish","type":"post","link":"http:\/\/dachgeschoss.dnsalias.com\/wordpress\/2011\/06\/07\/kordelmattes\/","title":{"rendered":"Kordelmattes"},"content":{"rendered":"\n<p>Hall\u00f6chen Ihr Lieben,<\/p>\n\n\n\n<p>&nbsp;heute ist mal wieder ein ganz besonderer Tag. Ich bin auf den Tag genau 6 Monate alt. Meine anderen Daten erfahre ich erst am Donnerstag bei der U5 und werde sie Euch noch mitteilen.<\/p>\n\n\n\n<p>Ich muss sagen, es ist wundersch\u00f6n so alt zu sein, denn ich kann mich endlich zu allen Seiten drehen bzw. rollen und st\u00fctze mich teilweise sogar schon auf meine Beinchen im Vierf\u00fc\u00dflerstand. Krabbeln kann man das noch nicht nennen, aber ich gelange immer dahin, wo ich will. Und das ist meistens da, wo Mama und Papa es f\u00fcr gef\u00e4hrlich befinden. Nicht die bunten Spielsachen interessieren mich, nein, es sind die einfachen Dinge des Lebens, die mich in ihren Bann ziehen wie Telefonkabel, Steckdosen und Fernbedienungen. Einer von beiden sitzt immer auf dem Sprung, um mich von diesen Dingen fernzuhalten. Aber sie untersch\u00e4tzen meine Schnelligkeit;-). Aber es gibt eine Alternative zu diesen Sachen und das sind Kordeln. Ich liebe sie in allen Farben und Formen, nur festgebunden m\u00fcssen sie irgendwo sein, denn ich lutsche darauf rum und da kann es schon mal vorkommen, dass ich sie etwas weit in den Mund gesteckt habe. Mein Motto:Gebt mir eine Kordel und ihr habt Ruhe;-).&nbsp;<\/p>\n\n\n\n<p>Sonst waren die letzten Tage anstrengend und spannend zugleich. Meine Eltern waren mit mir das erste Mal im Schwimmbad. Da spielen sie immer Volleyball und ich tobe mich vorher so m\u00fcde, dass ich in meinem Wagen in aller Ruhe im Bl\u00e4tterrauschen schlafe.Nach ca. 2 Stunden bin ich meist&nbsp; wach gewesen und habe mir das Treiben von meiner Decke aus angesehen. Tja, wenn das mal nicht meine Sportart wird;-) Papa zieh dich warm an, deine Tricks habe ich durchschaut. Mit der Claudi haben wir \u00fcber die 4 freien Tage jeden Tag gebeacht und viel gelacht. Sch\u00f6n war es! \ud83d\ude09 Nur richtig ausschlafen konnte Claudi leider nicht, denn ich kann es einfach nicht lassen, morgens zwischen 5 Uhr und 6 Uhr alle zu wecken.&nbsp;<\/p>\n\n\n\n<p>Und dann habe ich wie ihr ja sehen k\u00f6nnt, einen Sturzhelm bekommen. Jeden ersten Samstag im Monat ist in Homburg Flohmarkt und da sind wir auch hin. Ich ganz entspannt und schlafend im Wagen. Doch pl\u00f6tzlich wird mein Verdeck weggenommen und da trifft mich doch glatt der Schlag. Da kommen meine Eltern mit so einem knallbunten Helm aus Plaste und st\u00fclpen ihn mir \u00fcber den Kopf. Das fand ich gar nicht witzig ganz im Gegensatz meiner Eltern, die sich k\u00f6stlich am\u00fcsiert haben. Man muss dazu sagen, dass der f\u00fcr 2-j\u00e4hrige ist und mir zumindestens in der Breite super passt. Vorn und hinten muss er noch ausgepolstert werden. Tja und der Grund f\u00fcr diesen ganzen Quatsch ist der Fahrradanh\u00e4nger, den meine Eltern sich jetzt zugelegt haben und den wir im Sommer an der Ostsee ausprobieren wollen. Na ich bin mal gespannt&#8230;..<\/p>\n\n\n\n<p>Dann hatte ich ja die letzten Male von Einschlafproblemen abends berichtet. Die haben meine Eltern jetzt ganz gut im Griff. Ich bekomme meist gegen 18.30 Uhr Abendbrot und liege danach noch zum Kuscheln bei Mama und Papa. Und gegen 19 Uhr werde ich ohne gro\u00dfen Zirkus (von seiten meiner Eltern) ins Bett gelegt.Tja und das hilft. Ich meckere zwar manchmal noch, aber l\u00e4ngst nicht mehr so lange und so viel. Manchmal geht es sogar ganz ohne;-). Das freut meine Eltern unheimlich und mich auch. Aber Durchschlafen ist leider noch nicht m\u00f6glich. Wenn es gut klappt, dann bekomme ich zwischen 2 Uhr und 3 Uhr was zu trinken und bin um 6 Uhr wach, aber oft bin ich auch noch mal um 23 Uhr wach und habe Hunger.Und seit einer Woche oder so drehe ich mich von selber zum Schlafen auf den Bauch. Ich bin wie mein Papa ein echter Bauchschl\u00e4fer.Ach und was meine Eltern v\u00f6llig entz\u00fcckt, ist der Augenblick morgens, wenn ich gest\u00fctzt auf meine H\u00e4nde meine Bettumrandung entlangrobbe und sie runterziehe um meinen Eltern einen wundersch\u00f6nen Guten Morgen zu w\u00fcnschen. Da lachen sie auch um 5 Uhr morgens von ganzen Herzen;-).<\/p>\n\n\n\n<p>So sieht es bei uns aus. Der Umzug r\u00fcckt auch immer n\u00e4her und die Spannung steigt&#8230;..<\/p>\n\n\n\n<p>Ich halte Euch auf dem Laufenden. Macht es gut und sch\u00f6ne Pfingsten w\u00fcnsche ich Euch!&nbsp;<\/p>\n\n\n\n<p>Bis denne Euer Mattes<\/p>\n\n\n\n<p>&nbsp;So ich war heute (9.06.2011) zum Kinderarzt und bringe 7850g auf die Waage, messe 66cm und mein Kopfumfang ist 44cm gro\u00df. Diesmal musste ich glatt anfangen zu weinen als ich ihn sah, denn wie gesagt, b\u00e4rtige M\u00e4nner sind mir zur Zeit nicht geheuer.<\/p>\n","protected":false},"excerpt":{"rendered":"<p>Hall\u00f6chen Ihr Lieben, &nbsp;heute ist mal wieder ein ganz besonderer Tag. Ich bin auf den Tag genau 6 Monate alt. Meine anderen Daten erfahre ich erst am Donnerstag bei der U5 und werde sie Euch noch mitteilen. Ich muss sagen, es ist wundersch\u00f6n so alt zu sein, denn ich kann mich endlich zu allen Seiten &hellip; <a href=\"http:\/\/dachgeschoss.dnsalias.com\/wordpress\/2011\/06\/07\/kordelmattes\/\" class=\"more-link\"><span class=\"screen-reader-text\">Kordelmattes<\/span> weiterlesen <span class=\"meta-nav\">&rarr;<\/span><\/a><\/p>\n","protected":false},"author":1,"featured_media":0,"comment_status":"closed","ping_status":"","sticky":false,"template":"","format":"standard","meta":[],"categories":[1],"tags":[],"_links":{"self":[{"href":"http:\/\/dachgeschoss.dnsalias.com\/wordpress\/wp-json\/wp\/v2\/posts\/56"}],"collection":[{"href":"http:\/\/dachgeschoss.dnsalias.com\/wordpress\/wp-json\/wp\/v2\/posts"}],"about":[{"href":"http:\/\/dachgeschoss.dnsalias.com\/wordpress\/wp-json\/wp\/v2\/types\/post"}],"author":[{"embeddable":true,"href":"http:\/\/dachgeschoss.dnsalias.com\/wordpress\/wp-json\/wp\/v2\/users\/1"}],"replies":[{"embeddable":true,"href":"http:\/\/dachgeschoss.dnsalias.com\/wordpress\/wp-json\/wp\/v2\/comments?post=56"}],"version-history":[{"count":1,"href":"http:\/\/dachgeschoss.dnsalias.com\/wordpress\/wp-json\/wp\/v2\/posts\/56\/revisions"}],"predecessor-version":[{"id":57,"href":"http:\/\/dachgeschoss.dnsalias.com\/wordpress\/wp-json\/wp\/v2\/posts\/56\/revisions\/57"}],"wp:attachment":[{"href":"http:\/\/dachgeschoss.dnsalias.com\/wordpress\/wp-json\/wp\/v2\/media?parent=56"}],"wp:term":[{"taxonomy":"category","embeddable":true,"href":"http:\/\/dachgeschoss.dnsalias.com\/wordpress\/wp-json\/wp\/v2\/categories?post=56"},{"taxonomy":"post_tag","embeddable":true,"href":"http:\/\/dachgeschoss.dnsalias.com\/wordpress\/wp-json\/wp\/v2\/tags?post=56"}],"curies":[{"name":"wp","href":"https:\/\/api.w.org\/{rel}","templated":true}]}}