{"id":558,"date":"2023-09-12T22:33:00","date_gmt":"2023-09-12T20:33:00","guid":{"rendered":"http:\/\/192.168.3.11\/wordpress\/?p=558"},"modified":"2024-01-30T22:34:51","modified_gmt":"2024-01-30T21:34:51","slug":"saarlaendischer-doppel-erfolg-beim-bayern-cup","status":"publish","type":"post","link":"http:\/\/dachgeschoss.dnsalias.com\/wordpress\/2023\/09\/12\/saarlaendischer-doppel-erfolg-beim-bayern-cup\/","title":{"rendered":"Saarl\u00e4ndischer Doppel-Erfolg beim Bayern-Cup"},"content":{"rendered":"\n<figure class=\"wp-block-image size-large\"><img decoding=\"async\" loading=\"lazy\" width=\"1024\" height=\"585\" src=\"http:\/\/192.168.3.11\/wordpress\/wp-content\/uploads\/2024\/01\/WhatsApp-Image-2023-09-09-at-11.36.07-edited-1400x800-1-1024x585.jpeg\" alt=\"\" class=\"wp-image-559\" srcset=\"http:\/\/192.168.3.11\/wordpress\/wp-content\/uploads\/2024\/01\/WhatsApp-Image-2023-09-09-at-11.36.07-edited-1400x800-1-1024x585.jpeg 1024w, http:\/\/192.168.3.11\/wordpress\/wp-content\/uploads\/2024\/01\/WhatsApp-Image-2023-09-09-at-11.36.07-edited-1400x800-1-300x171.jpeg 300w, http:\/\/192.168.3.11\/wordpress\/wp-content\/uploads\/2024\/01\/WhatsApp-Image-2023-09-09-at-11.36.07-edited-1400x800-1-768x439.jpeg 768w, http:\/\/192.168.3.11\/wordpress\/wp-content\/uploads\/2024\/01\/WhatsApp-Image-2023-09-09-at-11.36.07-edited-1400x800-1.jpeg 1400w\" sizes=\"(max-width: 1024px) 100vw, 1024px\" \/><\/figure>\n\n\n\n<p>Am Wochenende fand in Neubau (Fichtelgebirge) der Start in die neue Biathlon Wettkampfsaison 2023\/24 statt. Mit Mattes und Ole Wendorf hatte das Saarland zwei Sportler am Start. Moritz Toerlitz musste leider verletzungsbedingt aussetzen.<\/p>\n\n\n\n<p>Bei hochsommerlichen Temperaturen fand am Samstag der erste Teil des Ringwertungsschie\u00dfens statt. Hochkonzentriert gingen beide an den Start und setzten sich jeweils in ihrer Altersklasse an die Spitze. F\u00fcr Mattes war es der erste Wettkampf, in dem er stehend schie\u00dfen musste. Am Nachmittag ging es dann bei hei\u00dfen Temperaturen zum Berglauf auf den Ochsenkopf.<\/p>\n\n\n\n<p>Ole musste 2,4km mit 139 H\u00f6henmetern zur\u00fccklegen. In der S14 bei Mattes waren es sogar 4,4km mit 250 H\u00f6henmetern. Es<br>war f\u00fcr beide ein hartes Rennen, in dem Ole nicht nur in seiner, sondern auch in der Altersklasse dar\u00fcber siegte. Mattes schaffte es mit einem souver\u00e4nen Lauf auf Platz 3.<\/p>\n\n\n\n<p>Am Sonntag ging es m\u00fcde vom Vortag und mit schweren Beinen zum zweiten Teil des Ringwertungsschie\u00dfens. Trotz eines durchwachsenen Anschie\u00dfens verbesserten beide noch einmal um jeweils 6 Punkte ihre Vorleistung und landeten damit in der Gesamtwertung jeweils auf Platz 1. Motiviert von dieser Leistung gingen beide in das Sprintrennen, welches den kr\u00f6nenden Abschluss des Wochenendes bildete.<\/p>\n\n\n\n<figure class=\"wp-block-image\"><img decoding=\"async\" src=\"https:\/\/biathlonteam-saarland.de\/wp-content\/uploads\/2023\/09\/WhatsApp-Image-2023-09-09-at-11.36.07-1-edited.jpeg\" alt=\"\" class=\"wp-image-1492\"\/><figcaption class=\"wp-element-caption\">Ole Wendorf (2. von oben) im Liegendanschlag beim Ringwertungsschie\u00dfen<\/figcaption><\/figure>\n\n\n\n<p>Im Sprintrennen mussten 3 bis bzw. 4km Cross gelaufen und zwei Schie\u00dfeinheiten absolviert werden. F\u00fcr jeden Schie\u00dffehler wurden Strafrunden gelaufen. Nach einem gelungenen Start setzte sich Ole von Anfang an die Spitze. Mit insgesamt 2 Schie\u00dffehlern und einem starken Endspurt gewann er auch in diesem Wettkampf nicht nur in seiner, sondern auch in der n\u00e4chsth\u00f6heren Altersklasse. Sein gro\u00dfer Bruder setzte sich ebenfalls kurz nach dem Start mit 3 L\u00e4ufern vom Hauptfeld ab. Mit einem sehr schnellen und guten Liegendschie\u00dfen ging er mit 1 Fehler als zweiter aus dem Schie\u00dfstand. Im Stehendschie\u00dfen wiederholte er seinen schnellen Schie\u00dfrhythmus und ging mit 1 Fehler mit dem Drittplatzierten gemeinsam auf die Abschlussrunde.<\/p>\n\n\n\n<p>Dort holte er noch mal alles aus sich heraus, erh\u00f6hte 300Metern vor dem Ziel noch einmal unerreichbar das Tempo und gewann mit 7sec. Vorsprung den Sprint. Das Wochenende war ein erster Test, wo das Saarland im Vergleich mit anderen Bundesl\u00e4ndern steht. In zwei Wochen geht es dann mit dem Deutschen Sch\u00fclercup auf nationaler Ebene weiter.<\/p>\n","protected":false},"excerpt":{"rendered":"<p>Am Wochenende fand in Neubau (Fichtelgebirge) der Start in die neue Biathlon Wettkampfsaison 2023\/24 statt. Mit Mattes und Ole Wendorf hatte das Saarland zwei Sportler am Start. Moritz Toerlitz musste leider verletzungsbedingt aussetzen. Bei hochsommerlichen Temperaturen fand am Samstag der erste Teil des Ringwertungsschie\u00dfens statt. Hochkonzentriert gingen beide an den Start und setzten sich jeweils &hellip; <a href=\"http:\/\/dachgeschoss.dnsalias.com\/wordpress\/2023\/09\/12\/saarlaendischer-doppel-erfolg-beim-bayern-cup\/\" class=\"more-link\"><span class=\"screen-reader-text\">Saarl\u00e4ndischer Doppel-Erfolg beim Bayern-Cup<\/span> weiterlesen <span class=\"meta-nav\">&rarr;<\/span><\/a><\/p>\n","protected":false},"author":1,"featured_media":0,"comment_status":"closed","ping_status":"","sticky":false,"template":"","format":"standard","meta":[],"categories":[1],"tags":[],"_links":{"self":[{"href":"http:\/\/dachgeschoss.dnsalias.com\/wordpress\/wp-json\/wp\/v2\/posts\/558"}],"collection":[{"href":"http:\/\/dachgeschoss.dnsalias.com\/wordpress\/wp-json\/wp\/v2\/posts"}],"about":[{"href":"http:\/\/dachgeschoss.dnsalias.com\/wordpress\/wp-json\/wp\/v2\/types\/post"}],"author":[{"embeddable":true,"href":"http:\/\/dachgeschoss.dnsalias.com\/wordpress\/wp-json\/wp\/v2\/users\/1"}],"replies":[{"embeddable":true,"href":"http:\/\/dachgeschoss.dnsalias.com\/wordpress\/wp-json\/wp\/v2\/comments?post=558"}],"version-history":[{"count":1,"href":"http:\/\/dachgeschoss.dnsalias.com\/wordpress\/wp-json\/wp\/v2\/posts\/558\/revisions"}],"predecessor-version":[{"id":560,"href":"http:\/\/dachgeschoss.dnsalias.com\/wordpress\/wp-json\/wp\/v2\/posts\/558\/revisions\/560"}],"wp:attachment":[{"href":"http:\/\/dachgeschoss.dnsalias.com\/wordpress\/wp-json\/wp\/v2\/media?parent=558"}],"wp:term":[{"taxonomy":"category","embeddable":true,"href":"http:\/\/dachgeschoss.dnsalias.com\/wordpress\/wp-json\/wp\/v2\/categories?post=558"},{"taxonomy":"post_tag","embeddable":true,"href":"http:\/\/dachgeschoss.dnsalias.com\/wordpress\/wp-json\/wp\/v2\/tags?post=558"}],"curies":[{"name":"wp","href":"https:\/\/api.w.org\/{rel}","templated":true}]}}