{"id":555,"date":"2023-09-24T22:31:00","date_gmt":"2023-09-24T20:31:00","guid":{"rendered":"http:\/\/192.168.3.11\/wordpress\/?p=555"},"modified":"2024-01-30T22:33:26","modified_gmt":"2024-01-30T21:33:26","slug":"krankheitspech-beim-auftakt-zum-rws-cup","status":"publish","type":"post","link":"http:\/\/dachgeschoss.dnsalias.com\/wordpress\/2023\/09\/24\/krankheitspech-beim-auftakt-zum-rws-cup\/","title":{"rendered":"Krankheitspech beim Auftakt zum RWS Cup"},"content":{"rendered":"\n<figure class=\"wp-block-image size-large\"><img decoding=\"async\" loading=\"lazy\" width=\"1024\" height=\"585\" src=\"http:\/\/192.168.3.11\/wordpress\/wp-content\/uploads\/2024\/01\/WhatsApp-Image-2023-09-24-at-15.36.33-edited-1400x800-1-1024x585.jpeg\" alt=\"\" class=\"wp-image-556\" srcset=\"http:\/\/192.168.3.11\/wordpress\/wp-content\/uploads\/2024\/01\/WhatsApp-Image-2023-09-24-at-15.36.33-edited-1400x800-1-1024x585.jpeg 1024w, http:\/\/192.168.3.11\/wordpress\/wp-content\/uploads\/2024\/01\/WhatsApp-Image-2023-09-24-at-15.36.33-edited-1400x800-1-300x171.jpeg 300w, http:\/\/192.168.3.11\/wordpress\/wp-content\/uploads\/2024\/01\/WhatsApp-Image-2023-09-24-at-15.36.33-edited-1400x800-1-768x439.jpeg 768w, http:\/\/192.168.3.11\/wordpress\/wp-content\/uploads\/2024\/01\/WhatsApp-Image-2023-09-24-at-15.36.33-edited-1400x800-1.jpeg 1400w\" sizes=\"(max-width: 1024px) 100vw, 1024px\" \/><\/figure>\n\n\n\n<p>Bereits am Mittwochnachmittag 20.09.2023 ging es f\u00fcr Moritz Toerlitz und Mattes Wendorf zum RWS Cup nach Oberhof. Am Donnerstag konnte im ersten offiziellen Training die sehr anspruchsvolle Weltcupstrecke f\u00fcr den Klassikrollerlauf getestet werden. Allein die erste Abfahrt hatte es in sich und es gab den ein oder anderen, der die erste Kurve nicht gestanden hat. Freitagvormittag fand dann im Biathlonstadion in Luisenthal Cross-und Schie\u00dftraining statt. Die Anlage befindet sich mitten im Wald und \u00e4hnelt einem \u201eSchneewittchen und die 7 Zwerge\u201c Schie\u00dfstand. An die tiefh\u00e4ngenden Schie\u00dfscheiben mussten sich die Jungs zwar erst gew\u00f6hnen, aber insgesamt verlief das Training sehr gut.<\/p>\n\n\n\n<p>Nach einer erholsamen Mittagspause fand am Nachmittag dann das Ringwertungsleistungsschie\u00dfen statt. Es wurden 10 Schuss liegend und 10 Schuss stehend in einer vorgegebenen Zeit auf Papierscheiben absolviert. Mattes schaffte es, sein Ergebnis von Neubau noch mal auf 167 Punkte zu verbessern und landete damit in seiner Altersklasse auf Platz 3. Moritz absolvierte ein souver\u00e4nes Liegendschie\u00dfen mit 85 Punkten, leider verlief das Stehendschie\u00dfen mit 38 Punkten hingegen weniger erfolgreich.<\/p>\n\n\n\n<figure class=\"wp-block-image\"><img decoding=\"async\" src=\"https:\/\/biathlonteam-saarland.de\/wp-content\/uploads\/2023\/09\/WhatsApp-Image-2023-09-22-at-15.51.53-edited.jpeg\" alt=\"\" class=\"wp-image-1528\"\/><figcaption class=\"wp-element-caption\">Viel Betrieb am Schie\u00dfstand beim Ringwertungsschie\u00dfen: Auf der vierten Bahn von unten visiert Moritz Toerlitz die Scheiben an<\/figcaption><\/figure>\n\n\n\n<p>Grundlage f\u00fcr den Verfolger am Samstag waren die Ergebnisse vom Ringwertungsschie\u00dfen. In der Altersklasse S14 von Mattes wurden pro Ring 3 sec. R\u00fcckstand berechnet, bei Moritz S15 waren es 4sec. Mit einer sehr guten Ausgangsposition ging Mattes ins Rennen. Jedoch plagten ihn bereits seit der Nacht Halsschmerzen und Husten, so dass er hart k\u00e4mpfen musste und leider um 5 Pl\u00e4tze zur\u00fcckfiel. Am Ende reichte es mit der achtschnellsten Laufzeit zu Platz 8. Moritz musste aufgrund von Knieproblemen pausieren und konnte somit am Sonntag gest\u00e4rkt in den Massenstart gehen.<\/p>\n\n\n\n<p>Dort wurde eine sehr anspruchsvolle Cross-Strecke von insgesamt 4km mit 2 Schie\u00dfeinlagen gelaufen. Das Starterfeld in der AK m\u00e4nnlich 15 war so stark, dass sogar in 3 Wellen gelaufen werden musste. Moritz startete in der dritten Welle und lie\u00df beim Liegendschie\u00dfen 1 und im Stehendschie\u00dfen gleich 3 Scheiben stehen. L\u00e4uferisch gut unterwegs reichte es daher am Ende nur f\u00fcr Platz 35 von 38. Mattes verfolgte das Rennen aufgrund seiner Erk\u00e4ltung nur als Zuschauer. Trotz gro\u00dfer Entt\u00e4uschung \u00fcber die Erk\u00e4ltung befindet sich Mattes in der Gesamtpokalwertung auf Platz 16 . Jetzt hei\u00dft es gesund werden. Im Januar geht es in Oberwiesenthal weiter!<\/p>\n\n\n\n<figure class=\"wp-block-image\"><img decoding=\"async\" src=\"https:\/\/biathlonteam-saarland.de\/wp-content\/uploads\/2023\/09\/WhatsApp-Image-2023-09-22-at-14.40.55-edited.jpeg\" alt=\"\" class=\"wp-image-1526\"\/><figcaption class=\"wp-element-caption\">F\u00fcr das Saarland beim RWS-Cup-Auftakt dabei: Mattes Wendorf, Moritz Toerlitz und Ole Wendorf (dieses Jahr noch nur zum Anfeuern)<\/figcaption><\/figure>\n","protected":false},"excerpt":{"rendered":"<p>Bereits am Mittwochnachmittag 20.09.2023 ging es f\u00fcr Moritz Toerlitz und Mattes Wendorf zum RWS Cup nach Oberhof. Am Donnerstag konnte im ersten offiziellen Training die sehr anspruchsvolle Weltcupstrecke f\u00fcr den Klassikrollerlauf getestet werden. Allein die erste Abfahrt hatte es in sich und es gab den ein oder anderen, der die erste Kurve nicht gestanden hat. &hellip; <a href=\"http:\/\/dachgeschoss.dnsalias.com\/wordpress\/2023\/09\/24\/krankheitspech-beim-auftakt-zum-rws-cup\/\" class=\"more-link\"><span class=\"screen-reader-text\">Krankheitspech beim Auftakt zum RWS Cup<\/span> weiterlesen <span class=\"meta-nav\">&rarr;<\/span><\/a><\/p>\n","protected":false},"author":1,"featured_media":0,"comment_status":"closed","ping_status":"","sticky":false,"template":"","format":"standard","meta":[],"categories":[1],"tags":[],"_links":{"self":[{"href":"http:\/\/dachgeschoss.dnsalias.com\/wordpress\/wp-json\/wp\/v2\/posts\/555"}],"collection":[{"href":"http:\/\/dachgeschoss.dnsalias.com\/wordpress\/wp-json\/wp\/v2\/posts"}],"about":[{"href":"http:\/\/dachgeschoss.dnsalias.com\/wordpress\/wp-json\/wp\/v2\/types\/post"}],"author":[{"embeddable":true,"href":"http:\/\/dachgeschoss.dnsalias.com\/wordpress\/wp-json\/wp\/v2\/users\/1"}],"replies":[{"embeddable":true,"href":"http:\/\/dachgeschoss.dnsalias.com\/wordpress\/wp-json\/wp\/v2\/comments?post=555"}],"version-history":[{"count":1,"href":"http:\/\/dachgeschoss.dnsalias.com\/wordpress\/wp-json\/wp\/v2\/posts\/555\/revisions"}],"predecessor-version":[{"id":557,"href":"http:\/\/dachgeschoss.dnsalias.com\/wordpress\/wp-json\/wp\/v2\/posts\/555\/revisions\/557"}],"wp:attachment":[{"href":"http:\/\/dachgeschoss.dnsalias.com\/wordpress\/wp-json\/wp\/v2\/media?parent=555"}],"wp:term":[{"taxonomy":"category","embeddable":true,"href":"http:\/\/dachgeschoss.dnsalias.com\/wordpress\/wp-json\/wp\/v2\/categories?post=555"},{"taxonomy":"post_tag","embeddable":true,"href":"http:\/\/dachgeschoss.dnsalias.com\/wordpress\/wp-json\/wp\/v2\/tags?post=555"}],"curies":[{"name":"wp","href":"https:\/\/api.w.org\/{rel}","templated":true}]}}