{"id":547,"date":"2023-10-05T22:26:00","date_gmt":"2023-10-05T20:26:00","guid":{"rendered":"http:\/\/192.168.3.11\/wordpress\/?p=547"},"modified":"2024-01-30T22:28:44","modified_gmt":"2024-01-30T21:28:44","slug":"energieleistungen-beim-rollski-berglauf-in-seebach","status":"publish","type":"post","link":"http:\/\/dachgeschoss.dnsalias.com\/wordpress\/2023\/10\/05\/energieleistungen-beim-rollski-berglauf-in-seebach\/","title":{"rendered":"Energieleistungen beim Rollski-Berglauf in Seebach"},"content":{"rendered":"\n<p><a href=\"https:\/\/biathlonteam-saarland.de\/energieleistungen-beim-rollski-berglauf-in-seebach\"><\/a><\/p>\n\n\n\n<figure class=\"wp-block-image size-large\"><img decoding=\"async\" loading=\"lazy\" width=\"1024\" height=\"585\" src=\"http:\/\/192.168.3.11\/wordpress\/wp-content\/uploads\/2024\/01\/WhatsApp-Image-2023-10-04-at-12.50.35-edited-1400x800-1-1024x585.jpeg\" alt=\"\" class=\"wp-image-550\" srcset=\"http:\/\/192.168.3.11\/wordpress\/wp-content\/uploads\/2024\/01\/WhatsApp-Image-2023-10-04-at-12.50.35-edited-1400x800-1-1024x585.jpeg 1024w, http:\/\/192.168.3.11\/wordpress\/wp-content\/uploads\/2024\/01\/WhatsApp-Image-2023-10-04-at-12.50.35-edited-1400x800-1-300x171.jpeg 300w, http:\/\/192.168.3.11\/wordpress\/wp-content\/uploads\/2024\/01\/WhatsApp-Image-2023-10-04-at-12.50.35-edited-1400x800-1-768x439.jpeg 768w, http:\/\/192.168.3.11\/wordpress\/wp-content\/uploads\/2024\/01\/WhatsApp-Image-2023-10-04-at-12.50.35-edited-1400x800-1.jpeg 1400w\" sizes=\"(max-width: 1024px) 100vw, 1024px\" \/><\/figure>\n\n\n\n<p>Paul R\u00fcckheim (U9), Ole Wendorf (U11), Mattes Wendorf (U14) und Sally Leidinger (Juniorinnen U20) vertraten am 03.10.23 das Biathlon-Team Saarland beim 11. Seebacher Rollski Berglauf. Bei sp\u00e4tsommerlichen Temperaturen startete Ole Wendorf als erstes ins Rennen. Nach Entscheid der Trainer startete Ole dieses Jahr nicht mehr im Nachwuchs Cup, sondern eine Altersklasse h\u00f6her (U12) im Rollski Berglauf. Er zeigt vom Start weg ein couragiertes Rennen, konnte dann aber im Schlussdrittel kr\u00e4ftem\u00e4\u00dfig nicht mehr auf 1:1 umschalten und belegte als J\u00fcngster von 13 Teilnehmern einen achtbaren 5. Platz.<\/p>\n\n\n\n<p>Nur knapp 10 min sp\u00e4ter ging Mattes auf die Strecke. Nach \u00fcberstandener Krankheit und damit verbundenem Trainingsdefizit, stand die Titelverteidigung nicht an oberster Stelle. Trotzdem zeigte er ein kraftvolles Rennen und gewann auch in diesem Jahr seine Altersklassewertung in pers\u00f6nlicher Bestzeit.<\/p>\n\n\n\n<p>Im anschlie\u00dfenden Nachwuchs Inliner Cup hatte Paul sich auch viel vorgenommen. Schon vor dem Rennen war klar, dass er gegen Teilnehmer, die ihren Lauf mit einem aktiven Stockeinsatz unterst\u00fctzen, keine Chance hat. Er zeigte auf der Strecke eine deutliche Leistungssteigerung und verbesserte seine Laufzeit um 40 Sekunden. Trotzdem war er am Ende mit seiner Platzierung nicht zufrieden. Wir haben jetzt ein Jahr Zeit an der Stockarbeit zu arbeiten.<br>Die K\u00f6nigsdisziplin an diesem Tag war der abschlie\u00dfende 7,5km Lauf der Junioren und Senioren. Hierbei mussten die Athleten<\/p>\n\n\n\n<p>einen H\u00f6henunterschied von 420m \u00fcberwinden. Erstmalig war Sally am Start. Ein derartiges Rennen konnten wir im Training nicht simulieren, deshalb war lang hier das Hauptaugenmerk weniger auf der Zeit, sondern mehr auf das Ankommen und bestenfalls in einer Zeit von unter 1h. Die sch\u00f6ne Natur und Aussicht konnte dabei leider nur das Begleitrad genie\u00dfen. In konstantem Tempo und ohne Einbruch erreichte Sally in 56 min das Ziel an der Mannheimer H\u00fctte. Respekt f\u00fcr diesen Kraftakt.<\/p>\n\n\n\n<figure class=\"wp-block-table\"><table><tbody><tr><td>7. Platz<\/td><td>Paul R\u00fcckheim<\/td><td>1,6 km (80HM)<\/td><td>10:04.2 min<\/td><\/tr><tr><td>5. Platz<\/td><td>Ole Wendorf<\/td><td>2,0 km (120HM)<\/td><td>11:50.2 min<\/td><\/tr><tr><td>1. Platz<\/td><td>Mattes Wendorf<\/td><td>2,0 km (120HM)<\/td><td>9:16.3 min<\/td><\/tr><tr><td>3. Platz<\/td><td>Sally Leidinger<\/td><td>7,5 km (420 HM)<\/td><td>56:00.6 min<\/td><\/tr><\/tbody><\/table><\/figure>\n\n\n\n<h2>Bilder von der Siegerehrung<\/h2>\n\n\n\n<figure class=\"wp-block-image size-large\"><img decoding=\"async\" loading=\"lazy\" width=\"1024\" height=\"576\" src=\"http:\/\/192.168.3.11\/wordpress\/wp-content\/uploads\/2024\/01\/WhatsApp-Image-2023-10-04-at-12.50.37-edited-1024x576.jpeg\" alt=\"\" class=\"wp-image-548\" srcset=\"http:\/\/192.168.3.11\/wordpress\/wp-content\/uploads\/2024\/01\/WhatsApp-Image-2023-10-04-at-12.50.37-edited-1024x576.jpeg 1024w, http:\/\/192.168.3.11\/wordpress\/wp-content\/uploads\/2024\/01\/WhatsApp-Image-2023-10-04-at-12.50.37-edited-300x169.jpeg 300w, http:\/\/192.168.3.11\/wordpress\/wp-content\/uploads\/2024\/01\/WhatsApp-Image-2023-10-04-at-12.50.37-edited-768x432.jpeg 768w, http:\/\/192.168.3.11\/wordpress\/wp-content\/uploads\/2024\/01\/WhatsApp-Image-2023-10-04-at-12.50.37-edited.jpeg 1512w\" sizes=\"(max-width: 1024px) 100vw, 1024px\" \/><\/figure>\n\n\n\n<figure class=\"wp-block-image size-large\"><img decoding=\"async\" loading=\"lazy\" width=\"1024\" height=\"576\" src=\"http:\/\/192.168.3.11\/wordpress\/wp-content\/uploads\/2024\/01\/WhatsApp-Image-2023-10-04-at-12.50.37-1-edited-1024x576.jpeg\" alt=\"\" class=\"wp-image-549\" srcset=\"http:\/\/192.168.3.11\/wordpress\/wp-content\/uploads\/2024\/01\/WhatsApp-Image-2023-10-04-at-12.50.37-1-edited-1024x576.jpeg 1024w, http:\/\/192.168.3.11\/wordpress\/wp-content\/uploads\/2024\/01\/WhatsApp-Image-2023-10-04-at-12.50.37-1-edited-300x169.jpeg 300w, http:\/\/192.168.3.11\/wordpress\/wp-content\/uploads\/2024\/01\/WhatsApp-Image-2023-10-04-at-12.50.37-1-edited-768x432.jpeg 768w, http:\/\/192.168.3.11\/wordpress\/wp-content\/uploads\/2024\/01\/WhatsApp-Image-2023-10-04-at-12.50.37-1-edited-1536x864.jpeg 1536w, http:\/\/192.168.3.11\/wordpress\/wp-content\/uploads\/2024\/01\/WhatsApp-Image-2023-10-04-at-12.50.37-1-edited.jpeg 2016w\" sizes=\"(max-width: 1024px) 100vw, 1024px\" \/><\/figure>\n","protected":false},"excerpt":{"rendered":"<p>Paul R\u00fcckheim (U9), Ole Wendorf (U11), Mattes Wendorf (U14) und Sally Leidinger (Juniorinnen U20) vertraten am 03.10.23 das Biathlon-Team Saarland beim 11. Seebacher Rollski Berglauf. Bei sp\u00e4tsommerlichen Temperaturen startete Ole Wendorf als erstes ins Rennen. Nach Entscheid der Trainer startete Ole dieses Jahr nicht mehr im Nachwuchs Cup, sondern eine Altersklasse h\u00f6her (U12) im Rollski &hellip; <a href=\"http:\/\/dachgeschoss.dnsalias.com\/wordpress\/2023\/10\/05\/energieleistungen-beim-rollski-berglauf-in-seebach\/\" class=\"more-link\"><span class=\"screen-reader-text\">Energieleistungen beim Rollski-Berglauf in Seebach<\/span> weiterlesen <span class=\"meta-nav\">&rarr;<\/span><\/a><\/p>\n","protected":false},"author":1,"featured_media":0,"comment_status":"closed","ping_status":"","sticky":false,"template":"","format":"standard","meta":[],"categories":[1],"tags":[],"_links":{"self":[{"href":"http:\/\/dachgeschoss.dnsalias.com\/wordpress\/wp-json\/wp\/v2\/posts\/547"}],"collection":[{"href":"http:\/\/dachgeschoss.dnsalias.com\/wordpress\/wp-json\/wp\/v2\/posts"}],"about":[{"href":"http:\/\/dachgeschoss.dnsalias.com\/wordpress\/wp-json\/wp\/v2\/types\/post"}],"author":[{"embeddable":true,"href":"http:\/\/dachgeschoss.dnsalias.com\/wordpress\/wp-json\/wp\/v2\/users\/1"}],"replies":[{"embeddable":true,"href":"http:\/\/dachgeschoss.dnsalias.com\/wordpress\/wp-json\/wp\/v2\/comments?post=547"}],"version-history":[{"count":1,"href":"http:\/\/dachgeschoss.dnsalias.com\/wordpress\/wp-json\/wp\/v2\/posts\/547\/revisions"}],"predecessor-version":[{"id":551,"href":"http:\/\/dachgeschoss.dnsalias.com\/wordpress\/wp-json\/wp\/v2\/posts\/547\/revisions\/551"}],"wp:attachment":[{"href":"http:\/\/dachgeschoss.dnsalias.com\/wordpress\/wp-json\/wp\/v2\/media?parent=547"}],"wp:term":[{"taxonomy":"category","embeddable":true,"href":"http:\/\/dachgeschoss.dnsalias.com\/wordpress\/wp-json\/wp\/v2\/categories?post=547"},{"taxonomy":"post_tag","embeddable":true,"href":"http:\/\/dachgeschoss.dnsalias.com\/wordpress\/wp-json\/wp\/v2\/tags?post=547"}],"curies":[{"name":"wp","href":"https:\/\/api.w.org\/{rel}","templated":true}]}}