{"id":544,"date":"2023-12-19T22:25:00","date_gmt":"2023-12-19T21:25:00","guid":{"rendered":"http:\/\/192.168.3.11\/wordpress\/?p=544"},"modified":"2024-01-30T22:26:32","modified_gmt":"2024-01-30T21:26:32","slug":"wendorf-trio-am-notschrei-erfolgreich","status":"publish","type":"post","link":"http:\/\/dachgeschoss.dnsalias.com\/wordpress\/2023\/12\/19\/wendorf-trio-am-notschrei-erfolgreich\/","title":{"rendered":"&#8222;Wendorf-Trio&#8220; am Notschrei erfolgreich"},"content":{"rendered":"\n<figure class=\"wp-block-image size-large\"><img decoding=\"async\" loading=\"lazy\" width=\"1024\" height=\"585\" src=\"http:\/\/192.168.3.11\/wordpress\/wp-content\/uploads\/2024\/01\/WhatsApp-Image-2023-12-17-at-14.10.23-edited-1400x800-1-1024x585.jpeg\" alt=\"\" class=\"wp-image-545\" srcset=\"http:\/\/192.168.3.11\/wordpress\/wp-content\/uploads\/2024\/01\/WhatsApp-Image-2023-12-17-at-14.10.23-edited-1400x800-1-1024x585.jpeg 1024w, http:\/\/192.168.3.11\/wordpress\/wp-content\/uploads\/2024\/01\/WhatsApp-Image-2023-12-17-at-14.10.23-edited-1400x800-1-300x171.jpeg 300w, http:\/\/192.168.3.11\/wordpress\/wp-content\/uploads\/2024\/01\/WhatsApp-Image-2023-12-17-at-14.10.23-edited-1400x800-1-768x439.jpeg 768w, http:\/\/192.168.3.11\/wordpress\/wp-content\/uploads\/2024\/01\/WhatsApp-Image-2023-12-17-at-14.10.23-edited-1400x800-1.jpeg 1400w\" sizes=\"(max-width: 1024px) 100vw, 1024px\" \/><figcaption class=\"wp-element-caption\">&#8222;Wendorf-Trio&#8220;<\/figcaption><\/figure>\n\n\n\n<p><a href=\"https:\/\/biathlonteam-saarland.de\/wendorf-trio-am-notschrei-erfolgreich\"><time datetime=\"2023-12-19T21:24:40+00:00\"><\/a><\/p>\n\n\n\n<p>Am dritten Adventwochenende ging es f\u00fcr die Perspektivgruppe zum gemeinsamen Training mit Sportlern des SBW auf den Notschrei. Unter Kaiserwetter fand am Samstag ein Komplex- und Lauftraining statt. Den Abschluss bildete am Sonntag der \u201eRund um Fr\u00f6hnd\u201c Lauf, ein sch\u00f6ner Langlaufwettbewerb.<\/p>\n\n\n\n<p>Dort startete als erster von der Perspektivgruppe Ole Wendorf in der U 11 in die 3km lange Spur. Die Bedingungen waren gut, der Ski lief und so kam er nur 8sec. hinter dem F\u00fchrendenins Ziel.&nbsp; Mattes startete in der U14 mit seinem st\u00e4rksten Konkurrenten Yves Kupferer (derzeitiger Gesamtsieger DSC Biathlon) auf die 4km Runde. Auch er lief als Zweiter ins Ziel, jedoch mit weniger Gl\u00fccksgef\u00fchl, da er 54sec auf ihn abgeben musste. Als Letzter der Gruppe ging Moritz Toerlitz U15 (f\u00e4lschlicherweise in den Listen als Wendorf) gef\u00fchrt auf die ebenfalls 4km Runde. Er lief ein gutes Rennen und lief am Ende auf Platz 4.<\/p>\n\n\n\n<p>Insgesamt ein sch\u00f6nes Schneeerlebnis bei wundersch\u00f6nem Kaiserwetter.<\/p>\n","protected":false},"excerpt":{"rendered":"<p>Am dritten Adventwochenende ging es f\u00fcr die Perspektivgruppe zum gemeinsamen Training mit Sportlern des SBW auf den Notschrei. Unter Kaiserwetter fand am Samstag ein Komplex- und Lauftraining statt. Den Abschluss bildete am Sonntag der \u201eRund um Fr\u00f6hnd\u201c Lauf, ein sch\u00f6ner Langlaufwettbewerb. Dort startete als erster von der Perspektivgruppe Ole Wendorf in der U 11 in &hellip; <a href=\"http:\/\/dachgeschoss.dnsalias.com\/wordpress\/2023\/12\/19\/wendorf-trio-am-notschrei-erfolgreich\/\" class=\"more-link\"><span class=\"screen-reader-text\">&#8222;Wendorf-Trio&#8220; am Notschrei erfolgreich<\/span> weiterlesen <span class=\"meta-nav\">&rarr;<\/span><\/a><\/p>\n","protected":false},"author":1,"featured_media":0,"comment_status":"closed","ping_status":"","sticky":false,"template":"","format":"standard","meta":[],"categories":[1],"tags":[],"_links":{"self":[{"href":"http:\/\/dachgeschoss.dnsalias.com\/wordpress\/wp-json\/wp\/v2\/posts\/544"}],"collection":[{"href":"http:\/\/dachgeschoss.dnsalias.com\/wordpress\/wp-json\/wp\/v2\/posts"}],"about":[{"href":"http:\/\/dachgeschoss.dnsalias.com\/wordpress\/wp-json\/wp\/v2\/types\/post"}],"author":[{"embeddable":true,"href":"http:\/\/dachgeschoss.dnsalias.com\/wordpress\/wp-json\/wp\/v2\/users\/1"}],"replies":[{"embeddable":true,"href":"http:\/\/dachgeschoss.dnsalias.com\/wordpress\/wp-json\/wp\/v2\/comments?post=544"}],"version-history":[{"count":1,"href":"http:\/\/dachgeschoss.dnsalias.com\/wordpress\/wp-json\/wp\/v2\/posts\/544\/revisions"}],"predecessor-version":[{"id":546,"href":"http:\/\/dachgeschoss.dnsalias.com\/wordpress\/wp-json\/wp\/v2\/posts\/544\/revisions\/546"}],"wp:attachment":[{"href":"http:\/\/dachgeschoss.dnsalias.com\/wordpress\/wp-json\/wp\/v2\/media?parent=544"}],"wp:term":[{"taxonomy":"category","embeddable":true,"href":"http:\/\/dachgeschoss.dnsalias.com\/wordpress\/wp-json\/wp\/v2\/categories?post=544"},{"taxonomy":"post_tag","embeddable":true,"href":"http:\/\/dachgeschoss.dnsalias.com\/wordpress\/wp-json\/wp\/v2\/tags?post=544"}],"curies":[{"name":"wp","href":"https:\/\/api.w.org\/{rel}","templated":true}]}}