{"id":532,"date":"2020-01-28T20:03:00","date_gmt":"2020-01-28T19:03:00","guid":{"rendered":"http:\/\/192.168.3.11\/wordpress\/?p=532"},"modified":"2024-01-30T22:18:54","modified_gmt":"2024-01-30T21:18:54","slug":"erster-offizieller-wettkampf","status":"publish","type":"post","link":"http:\/\/dachgeschoss.dnsalias.com\/wordpress\/2020\/01\/28\/erster-offizieller-wettkampf\/","title":{"rendered":"Erster offizieller Wettkampf"},"content":{"rendered":"\n<p>Hall\u00f6chen Ihr Lieben,<\/p>\n\n\n\n<p>wir haben ein aufregendes Wochenende hinter uns. Aufgrund von Schneemangel konnte der geplante Langlaufwettkampf am Kniebis nicht stattfinden. Und so haben wir uns einen anderen offiziellen Wettkampf f\u00fcr unsere Biathlontrainingsgruppe rausgesucht. Und so sind wir zusammen mit unseren Trainingspartnern Wilhel, Friedrich und Johann am Sonntag zum Kalkstein Crosslauf nach Lehbach gefahren. Alle waren ziemlich aufgeregt, denn so einen richtigen Wettkamof hatte bisher keiner der Jungs mitgemacht. Die Strecke war hart, das Wetter und die Stimmung waren gut. Jeder hat alles gegeben und am Ende sind tolle Ergebnisse rausgekommen. Ole ist auf seiner 800 Meter Strecke von Anfang an ganz vorne mitgelaufen, hat am Berg \u00fcberholt und wurde am Ende von insgesamt 19 Kindern zweiter;-). Ich (Matti) bin hochkonzentriert auf die Strecke gegangen, habe keine Seitenstiche gehabt, einen guten Laufschritt und bin am Ende von meiner Altersgruppe zweiter geworden. Das war ein echt cooles Gef\u00fchl. Auch Mama und Papa haben sich der schwierigen Strecke gestellt und mussten aufgrund des H\u00f6henprofils sogar \u00f6fter mal Gehpausen einlegen.<\/p>\n\n\n\n<p>Am Ende der Veranstaltung war es ein echt sch\u00f6nes gemeinsames Event mit Familie Pahl und unser erster richtiger Wettkampf vom Biathlon Team Saar.<\/p>\n\n\n\n<p>Zur Feier des Tages waren wir dann noch gem\u00fctlich im Gasthaus am S\u00e4geweiher essen.<\/p>\n\n\n\n<p>Und mit diesen Neuigkeiten verabschieden wir uns in den Rest der Woche!<\/p>\n\n\n\n<p>Bis ganz bald Euer Ole und Euer Mattes<\/p>\n","protected":false},"excerpt":{"rendered":"<p>Hall\u00f6chen Ihr Lieben, wir haben ein aufregendes Wochenende hinter uns. Aufgrund von Schneemangel konnte der geplante Langlaufwettkampf am Kniebis nicht stattfinden. Und so haben wir uns einen anderen offiziellen Wettkampf f\u00fcr unsere Biathlontrainingsgruppe rausgesucht. Und so sind wir zusammen mit unseren Trainingspartnern Wilhel, Friedrich und Johann am Sonntag zum Kalkstein Crosslauf nach Lehbach gefahren. Alle &hellip; <a href=\"http:\/\/dachgeschoss.dnsalias.com\/wordpress\/2020\/01\/28\/erster-offizieller-wettkampf\/\" class=\"more-link\"><span class=\"screen-reader-text\">Erster offizieller Wettkampf<\/span> weiterlesen <span class=\"meta-nav\">&rarr;<\/span><\/a><\/p>\n","protected":false},"author":1,"featured_media":0,"comment_status":"closed","ping_status":"","sticky":false,"template":"","format":"standard","meta":[],"categories":[1],"tags":[],"_links":{"self":[{"href":"http:\/\/dachgeschoss.dnsalias.com\/wordpress\/wp-json\/wp\/v2\/posts\/532"}],"collection":[{"href":"http:\/\/dachgeschoss.dnsalias.com\/wordpress\/wp-json\/wp\/v2\/posts"}],"about":[{"href":"http:\/\/dachgeschoss.dnsalias.com\/wordpress\/wp-json\/wp\/v2\/types\/post"}],"author":[{"embeddable":true,"href":"http:\/\/dachgeschoss.dnsalias.com\/wordpress\/wp-json\/wp\/v2\/users\/1"}],"replies":[{"embeddable":true,"href":"http:\/\/dachgeschoss.dnsalias.com\/wordpress\/wp-json\/wp\/v2\/comments?post=532"}],"version-history":[{"count":1,"href":"http:\/\/dachgeschoss.dnsalias.com\/wordpress\/wp-json\/wp\/v2\/posts\/532\/revisions"}],"predecessor-version":[{"id":533,"href":"http:\/\/dachgeschoss.dnsalias.com\/wordpress\/wp-json\/wp\/v2\/posts\/532\/revisions\/533"}],"wp:attachment":[{"href":"http:\/\/dachgeschoss.dnsalias.com\/wordpress\/wp-json\/wp\/v2\/media?parent=532"}],"wp:term":[{"taxonomy":"category","embeddable":true,"href":"http:\/\/dachgeschoss.dnsalias.com\/wordpress\/wp-json\/wp\/v2\/categories?post=532"},{"taxonomy":"post_tag","embeddable":true,"href":"http:\/\/dachgeschoss.dnsalias.com\/wordpress\/wp-json\/wp\/v2\/tags?post=532"}],"curies":[{"name":"wp","href":"https:\/\/api.w.org\/{rel}","templated":true}]}}