{"id":528,"date":"2019-12-15T22:23:00","date_gmt":"2019-12-15T21:23:00","guid":{"rendered":"http:\/\/192.168.3.11\/wordpress\/?p=528"},"modified":"2024-01-30T22:17:02","modified_gmt":"2024-01-30T21:17:02","slug":"eine-tolle-geburtstagsfeier","status":"publish","type":"post","link":"http:\/\/dachgeschoss.dnsalias.com\/wordpress\/2019\/12\/15\/eine-tolle-geburtstagsfeier\/","title":{"rendered":"Eine tolle Geburtstagsfeier!"},"content":{"rendered":"\n<p>Hall\u00f6chen Ihr Lieben,<\/p>\n\n\n\n<p>da unser Trainingslager aufgrund von Schneemangel abgesagt wurde, haben wir meinen (Mattes) Geburtstag mit meinen Kumples gefeiert. Man muss fairer Weise sagen, die ganze Planung hat ziemlich lange gedauert, auch wenn die Einladungskarten rechts kurzfristig verteilt worden sind;-). Urspr\u00fcnglich wollte ich eigentlich Clara einladen und habe lange \u00fcberlegt, was ich dann mit den Kindern mache. Spieleparadies kam mir zu wild vor, so dass wir auf die Idee kamen, einen Zoogeburtstag zu feiern. Im Laufe der Planungen, habe ich es mir aber wieder anders \u00fcberlegt und habe nur Jungs eingeladen&#8230;<\/p>\n\n\n\n<p>Na ja, auf jeden Fall ging es dann am Samstag mit 4 anderen Jungs in den Neunkircher Zoo. leider hat es am Anfang in Str\u00f6men geregnet und es war enorm st\u00fcrmisch. Aber alle waren gut&nbsp; wetterfest gekleidet und so hat uns das Wetter nichts anhaben k\u00f6nnen. Ein junger Azubi namens Patrick hat uns durch den Geburtstag geleitet, Wir durften Elefanten, Seeroben und die Erdm\u00e4nnchen mit lebendigen Maden f\u00fcttern. Und wir h\u00e4tten sogar eine echte Vogelsoinne auf der Hand haben k\u00f6nnen, aber keiner hat sich getraut;-). Im Elefantenhaus haben wir eine Rast mit selbstmitgebrachten Leckereien gemacht und dabei zugeguckt wie die Elefantenoma gepullert und gekackert hat;-), das war echt faszinierend&#8230;.<\/p>\n\n\n\n<p>Nach fast 3h haben wir alle Kumpels wieder heil und trocken nach Hause gebracht.<\/p>\n\n\n\n<p>Den Rest des Wochenendes haben wir viel im Garten vom Eichenweg 50 verbracht und nat\u00fcrlcih Biathlon geguckt;-).<\/p>\n\n\n\n<p>So das war es in K\u00fcrze von uns. Wir w\u00fcnschen Euche einen guten Start in die neue Woche!!<\/p>\n\n\n\n<p>Bis bald Eurer Ole und Euer Mattes<\/p>\n","protected":false},"excerpt":{"rendered":"<p>Hall\u00f6chen Ihr Lieben, da unser Trainingslager aufgrund von Schneemangel abgesagt wurde, haben wir meinen (Mattes) Geburtstag mit meinen Kumples gefeiert. Man muss fairer Weise sagen, die ganze Planung hat ziemlich lange gedauert, auch wenn die Einladungskarten rechts kurzfristig verteilt worden sind;-). Urspr\u00fcnglich wollte ich eigentlich Clara einladen und habe lange \u00fcberlegt, was ich dann mit &hellip; <a href=\"http:\/\/dachgeschoss.dnsalias.com\/wordpress\/2019\/12\/15\/eine-tolle-geburtstagsfeier\/\" class=\"more-link\"><span class=\"screen-reader-text\">Eine tolle Geburtstagsfeier!<\/span> weiterlesen <span class=\"meta-nav\">&rarr;<\/span><\/a><\/p>\n","protected":false},"author":1,"featured_media":0,"comment_status":"closed","ping_status":"","sticky":false,"template":"","format":"standard","meta":[],"categories":[1],"tags":[],"_links":{"self":[{"href":"http:\/\/dachgeschoss.dnsalias.com\/wordpress\/wp-json\/wp\/v2\/posts\/528"}],"collection":[{"href":"http:\/\/dachgeschoss.dnsalias.com\/wordpress\/wp-json\/wp\/v2\/posts"}],"about":[{"href":"http:\/\/dachgeschoss.dnsalias.com\/wordpress\/wp-json\/wp\/v2\/types\/post"}],"author":[{"embeddable":true,"href":"http:\/\/dachgeschoss.dnsalias.com\/wordpress\/wp-json\/wp\/v2\/users\/1"}],"replies":[{"embeddable":true,"href":"http:\/\/dachgeschoss.dnsalias.com\/wordpress\/wp-json\/wp\/v2\/comments?post=528"}],"version-history":[{"count":1,"href":"http:\/\/dachgeschoss.dnsalias.com\/wordpress\/wp-json\/wp\/v2\/posts\/528\/revisions"}],"predecessor-version":[{"id":529,"href":"http:\/\/dachgeschoss.dnsalias.com\/wordpress\/wp-json\/wp\/v2\/posts\/528\/revisions\/529"}],"wp:attachment":[{"href":"http:\/\/dachgeschoss.dnsalias.com\/wordpress\/wp-json\/wp\/v2\/media?parent=528"}],"wp:term":[{"taxonomy":"category","embeddable":true,"href":"http:\/\/dachgeschoss.dnsalias.com\/wordpress\/wp-json\/wp\/v2\/categories?post=528"},{"taxonomy":"post_tag","embeddable":true,"href":"http:\/\/dachgeschoss.dnsalias.com\/wordpress\/wp-json\/wp\/v2\/tags?post=528"}],"curies":[{"name":"wp","href":"https:\/\/api.w.org\/{rel}","templated":true}]}}