{"id":52,"date":"2011-05-13T17:43:00","date_gmt":"2011-05-13T15:43:00","guid":{"rendered":"http:\/\/192.168.3.11\/wordpress\/?p=52"},"modified":"2024-01-30T17:19:47","modified_gmt":"2024-01-30T16:19:47","slug":"die-ersten-beisserchen","status":"publish","type":"post","link":"http:\/\/dachgeschoss.dnsalias.com\/wordpress\/2011\/05\/13\/die-ersten-beisserchen\/","title":{"rendered":"Die ersten Beisserchen"},"content":{"rendered":"\n<p>Hallo Ihr Lieben,<\/p>\n\n\n\n<p>&nbsp;vor ein paar Tagen habe ich meinen 5 monatigen Geburtstag gefeiert. Ich bin immer noch ca. 64cm lang, auch wenn mein Papa st\u00e4ndig mit einem Zollstock meine Gr\u00f6\u00dfe nachmisst und wiege 7315g. Im R\u00f6mersitz wollen mich meine Eltern schon gar nicht mehr tragen, weil sie davon Muskelkater bekommen und meine Mama sich st\u00e4ndig blaue Flecke an den Beinen zuzieht. Ihr einziger Rock bleibt somit zur Zeit im Schrank;-).<\/p>\n\n\n\n<p>Mir pers\u00f6nlich geht es blendend. Ich habe eine Weile nichts von mir h\u00f6ren lassen, denn ich war auf gro\u00dfer Deutschlandtour. Erst 1 Woche Berlinurlaub bei Oma Vroni und Opa Rudi sowie Wolldeckenoma und Wolldeckenopa. Dann 1 Woche bei Oma Ilona und Opa Lutz sowie Uroma und Uropa Wendorf. Das war eine sehr aufregende Zeit, denn fast t\u00e4glich haben neue Gesichter in meinen Kinderwagen geguckt. Ich habe sie mir gar nicht alle merken k\u00f6nnen, aber ich sehe sie sicher alle im Sommer wieder;-). Ich habe auch das erste Mal in meinem Leben den rauhen Ostseewind mir um den Kinderwagen wehen lassen und den M\u00f6ven gelauscht. Mensch, das hat sich richtig gut geschlafen. So viel wie in den Tagen an der Ostsee habe ich schon lange nicht mehr geschlafen.<\/p>\n\n\n\n<p>Nun sind wir seit 2 Wochen wieder im Saarland und ich habe etwas zutun, den extremen Wetterwechsel von Winter an der See auf Hochsommer zu verkraften. Aber mit meiner neuen Sommerm\u00fctze von Oma Vroni, den neuen kurzen Stramplern und einem Sonnensegel f\u00fcr den Kinderwagen klappt auch das ganz gut.<\/p>\n\n\n\n<p>Ihr fragt euch nun sicher, was ich denn in den letzten Wochen alles so Neues gelernt habe?! Also fangen wir einfach mal damit an, dass ich von Tag zu Tag aufgeweckter werde. Sobald ich etwas sehe, was in meiner Reichweite ist, reagiere ich blitzschnell und schwupp die wupp habe ich es in meinen kleinen Patscheh\u00e4ndchen und lasse nicht mehr los. Das f\u00e4ngt bei Mamas Haaren an und endet am Essenstisch mit Tellern und Besteck.<\/p>\n\n\n\n<p>Dann klappt seit ein paar Tagen der Unterarmst\u00fctz schon ganz gut. Und mit nur einer Hand kann bzw. muss ich auch schon auf dem Bauch liegen, denn meine Mama h\u00e4lt mir gerade immer dann, wenn sie mich auf den Bauch gelegt hat, Spielsachen vor die Nase. Und da ich das mit dem Drehen noch nicht schaffe, muss ich zwangsl\u00e4ufig eine Hand vom sicheren St\u00fctz entfernen. Ich muss zur Zeit sowieso sehr viel auf dem Bauch liegen, denn mein Hinterk\u00f6pfchen ist etwas platt und meine Eltern haben Angst, dass das so bleibt. Ich habe zwar ein M\u00fctzengesicht, aber trotzdem finde ich es auch besser, wenn der Hinterkopf sch\u00f6n anzusehen ist. Zumal meine dunklen Haare alle ausfallen und ganz helle Haare, die man gar nicht richtig sieht, zum Vorschein kommen. Mein Mama hat \u00fcbrigens auch seit Wochen starken Haarausfall, nur dass bei ihr keine neuen Haare so schnell nachkommen und wenn doch darunter teilweise ganz helle Haare, die man auch als grau bezeichnet, wachsen ;-(. Hoffentlich ist die Hormonumstellung bald vorbei, denn selbst in meinem Bettchen finde ich Mamas Haare. Ach und ich kann schon mit Unterst\u00fctzung sitzen. Im Sitzen versuche ich seit neustem an meine F\u00fc\u00dfe zu gelangen. Das habe ich auch in der Badewanne probiert und leider nicht einberechnet, dass mein Mund und meine Beinchen durch eineWasserschicht getrennt sind. Platsch, da war das Gesicht schon von allein gewaschen.<\/p>\n\n\n\n<p>Was meine Eltern zur Zeit am meisten erfreut, ist meine st\u00fcrmische Begr\u00fc\u00dfung, wenn einer der beiden wieder nach Hause kommt. Ich fange richtig an, laut zu lachen und zu strampeln. Was sie nicht so sehr begeistert, sind meine Quietschlaute, die wie eine alte, unge\u00f6lte T\u00fcr klingen und ich immer dann anwende, wenn ich nicht ganz zufrieden bin.&nbsp;<\/p>\n\n\n\n<p>Und gerade eben 16.30 Uhr Ortszeit hat meine Mama entdeckt, dass meine unteren beiden Schneidez\u00e4hnchen durchleuchten. Was f\u00fcr eine Freude bei ihr. Sie muss ja auch nicht die Schmerzen ertragen. Die fehlgedeutete Talgzyste ist seit einigen Tagen verschwunden. Hatte der Kinderarzt also doch Recht.Auf jeden Fall denken meine Eltern jetzt, dass die gro\u00dfem Einschlafprobleme seit ein paar Tagen, die mit Br\u00fcllen einhergehen, vielleicht vom Zahnen kommen k\u00f6nnen. Ist wahrscheinlich eine Mischung aus allem dem Zahnen, der Lust weiter aufzubleiben und dem Dickkopf, den ich von beiden vererbt bekommen habe. Meine Mama ist zur Zeit abends ganz sch\u00f6n genervt, mein Papa hat hingegen die Ruhe weg und macht es auf die einf\u00fchlsame Art. Ich hoffe jaselber, dass es bald wieder besser klappt.<\/p>\n\n\n\n<p>Habe ich euch eigentlich schon erz\u00e4hlt, dass ich neben Moritz noch einen Kumpel habe? Es ist der 3 Monate alte Aron, der jetzt schon so gro\u00df ist wie ich. Seine Mama Ilka hat letztens am 10.5 als erste fremde Person auf mich aufgepasst, w\u00e4hrend meine Mama ein Vorstellungsgespr\u00e4ch hatte. Das war echt super, denn Aron hat so viele sch\u00f6ne Spielsachen und Ilka hat so sch\u00f6n mit mir gespielt, dass ich als Mama nach 1,5h wiedergekommen ist, nach 1 Minute im Kinderwagen eingeschlafen bin. Meine Mama hat es auch gut verkraftet. Sie war aufgeregter wegen mir als wegen dem Gespr\u00e4ch. Nebenbei planen meine Eltern alles N\u00f6tige f\u00fcr unseren Umzug im Juni. Ab da haben wir endlich ein G\u00e4stezimmer und viel Platz f\u00fcr Euch. Also wer Lust hat, kann bei uns Ferien machen;-).<\/p>\n\n\n\n<p>Macht es gut. Ich geh jetzt baden und dann hofft meine Mama mich um 19 Uhr ins Bett zu bekommen;-). Haha!!!<\/p>\n\n\n\n<p>Euer Mattes<\/p>\n","protected":false},"excerpt":{"rendered":"<p>Hallo Ihr Lieben, &nbsp;vor ein paar Tagen habe ich meinen 5 monatigen Geburtstag gefeiert. Ich bin immer noch ca. 64cm lang, auch wenn mein Papa st\u00e4ndig mit einem Zollstock meine Gr\u00f6\u00dfe nachmisst und wiege 7315g. Im R\u00f6mersitz wollen mich meine Eltern schon gar nicht mehr tragen, weil sie davon Muskelkater bekommen und meine Mama sich &hellip; <a href=\"http:\/\/dachgeschoss.dnsalias.com\/wordpress\/2011\/05\/13\/die-ersten-beisserchen\/\" class=\"more-link\"><span class=\"screen-reader-text\">Die ersten Beisserchen<\/span> weiterlesen <span class=\"meta-nav\">&rarr;<\/span><\/a><\/p>\n","protected":false},"author":1,"featured_media":0,"comment_status":"closed","ping_status":"","sticky":false,"template":"","format":"standard","meta":[],"categories":[1],"tags":[],"_links":{"self":[{"href":"http:\/\/dachgeschoss.dnsalias.com\/wordpress\/wp-json\/wp\/v2\/posts\/52"}],"collection":[{"href":"http:\/\/dachgeschoss.dnsalias.com\/wordpress\/wp-json\/wp\/v2\/posts"}],"about":[{"href":"http:\/\/dachgeschoss.dnsalias.com\/wordpress\/wp-json\/wp\/v2\/types\/post"}],"author":[{"embeddable":true,"href":"http:\/\/dachgeschoss.dnsalias.com\/wordpress\/wp-json\/wp\/v2\/users\/1"}],"replies":[{"embeddable":true,"href":"http:\/\/dachgeschoss.dnsalias.com\/wordpress\/wp-json\/wp\/v2\/comments?post=52"}],"version-history":[{"count":1,"href":"http:\/\/dachgeschoss.dnsalias.com\/wordpress\/wp-json\/wp\/v2\/posts\/52\/revisions"}],"predecessor-version":[{"id":53,"href":"http:\/\/dachgeschoss.dnsalias.com\/wordpress\/wp-json\/wp\/v2\/posts\/52\/revisions\/53"}],"wp:attachment":[{"href":"http:\/\/dachgeschoss.dnsalias.com\/wordpress\/wp-json\/wp\/v2\/media?parent=52"}],"wp:term":[{"taxonomy":"category","embeddable":true,"href":"http:\/\/dachgeschoss.dnsalias.com\/wordpress\/wp-json\/wp\/v2\/categories?post=52"},{"taxonomy":"post_tag","embeddable":true,"href":"http:\/\/dachgeschoss.dnsalias.com\/wordpress\/wp-json\/wp\/v2\/tags?post=52"}],"curies":[{"name":"wp","href":"https:\/\/api.w.org\/{rel}","templated":true}]}}