{"id":518,"date":"2019-10-11T22:12:00","date_gmt":"2019-10-11T20:12:00","guid":{"rendered":"http:\/\/192.168.3.11\/wordpress\/?p=518"},"modified":"2024-01-30T22:13:00","modified_gmt":"2024-01-30T21:13:00","slug":"6-tag","status":"publish","type":"post","link":"http:\/\/dachgeschoss.dnsalias.com\/wordpress\/2019\/10\/11\/6-tag\/","title":{"rendered":"6. Tag"},"content":{"rendered":"\n<p>Nach der Anstrengung gestern haben wir heute mal ein wenig l\u00e4nger geschlafen und haben es gem\u00fctlich angehen lassen. Die Sonne lachte und so haben wir uns mit unserem Kanu und Stand up Paddel auf den Lago di Garda gemacht. Zun\u00e4chst ging es nach einer l\u00e4ngeren Vorbereitungsphase mit den Nordwinden Parla und Vento Richtung eines anderen Strandes, wo wir baden gingen, das Stand up Paddel probiert und Mittag gegessen haben. Gegen Mittag hat sich der Wind beruhigt und wir haben die Gelegenheit genutzt Richtung Norden zu einem Strand unterhalb der Zitronengew\u00e4chsh\u00e4user zu paddeln. Auch dort haben wir ausgiebig gebadet. Am sp\u00e4ten Nachmittag ging es dann gegen den S\u00fcdwind die Ora zur\u00fcck zur Ausgangsstation.<\/p>\n\n\n\n<p>Da dies unser letzter Tag war, haben wir uns abends ein sch\u00f6nes Lokal direkt am See ausgesucht und dort ratet mal was gegessen?;-). Die beste Pizza des Urlaubes;-). Es war einfach herrlich. Im Dunkeln Limone beleuchtet zu sehen, war einfach wundersch\u00f6n. Ein Eis gab es nat\u00fcrlich wie fast jeden Tag auch. &nbsp;Noch ein kurzer Abstecher in einem Souvenirgesch\u00e4ft und dann ging es zur\u00fcck zur Ferienwohnung. Dort haben Matti und Ole einen gro\u00dfen Weinanfall bekommen, weil sie nicht wollten, dass der Urlaub zu Ende ist. Also haben wir uns noch gem\u00fctlich auf unseren Balkon gesetzt und einen Traubensaft getrunken und von den sch\u00f6nen Erlebnissen und dem n\u00e4chsten Urlaub geredet. Dann brach die letzte Nacht in der wundersch\u00f6nen Ferienwohnung an.<\/p>\n","protected":false},"excerpt":{"rendered":"<p>Nach der Anstrengung gestern haben wir heute mal ein wenig l\u00e4nger geschlafen und haben es gem\u00fctlich angehen lassen. Die Sonne lachte und so haben wir uns mit unserem Kanu und Stand up Paddel auf den Lago di Garda gemacht. Zun\u00e4chst ging es nach einer l\u00e4ngeren Vorbereitungsphase mit den Nordwinden Parla und Vento Richtung eines anderen &hellip; <a href=\"http:\/\/dachgeschoss.dnsalias.com\/wordpress\/2019\/10\/11\/6-tag\/\" class=\"more-link\"><span class=\"screen-reader-text\">6. Tag<\/span> weiterlesen <span class=\"meta-nav\">&rarr;<\/span><\/a><\/p>\n","protected":false},"author":1,"featured_media":0,"comment_status":"closed","ping_status":"","sticky":false,"template":"","format":"standard","meta":[],"categories":[1],"tags":[],"_links":{"self":[{"href":"http:\/\/dachgeschoss.dnsalias.com\/wordpress\/wp-json\/wp\/v2\/posts\/518"}],"collection":[{"href":"http:\/\/dachgeschoss.dnsalias.com\/wordpress\/wp-json\/wp\/v2\/posts"}],"about":[{"href":"http:\/\/dachgeschoss.dnsalias.com\/wordpress\/wp-json\/wp\/v2\/types\/post"}],"author":[{"embeddable":true,"href":"http:\/\/dachgeschoss.dnsalias.com\/wordpress\/wp-json\/wp\/v2\/users\/1"}],"replies":[{"embeddable":true,"href":"http:\/\/dachgeschoss.dnsalias.com\/wordpress\/wp-json\/wp\/v2\/comments?post=518"}],"version-history":[{"count":1,"href":"http:\/\/dachgeschoss.dnsalias.com\/wordpress\/wp-json\/wp\/v2\/posts\/518\/revisions"}],"predecessor-version":[{"id":519,"href":"http:\/\/dachgeschoss.dnsalias.com\/wordpress\/wp-json\/wp\/v2\/posts\/518\/revisions\/519"}],"wp:attachment":[{"href":"http:\/\/dachgeschoss.dnsalias.com\/wordpress\/wp-json\/wp\/v2\/media?parent=518"}],"wp:term":[{"taxonomy":"category","embeddable":true,"href":"http:\/\/dachgeschoss.dnsalias.com\/wordpress\/wp-json\/wp\/v2\/categories?post=518"},{"taxonomy":"post_tag","embeddable":true,"href":"http:\/\/dachgeschoss.dnsalias.com\/wordpress\/wp-json\/wp\/v2\/tags?post=518"}],"curies":[{"name":"wp","href":"https:\/\/api.w.org\/{rel}","templated":true}]}}