{"id":508,"date":"2019-09-06T15:24:00","date_gmt":"2019-09-06T13:24:00","guid":{"rendered":"http:\/\/192.168.3.11\/wordpress\/?p=508"},"modified":"2024-01-30T22:08:09","modified_gmt":"2024-01-30T21:08:09","slug":"der-laaaaannnnnnge-sommer","status":"publish","type":"post","link":"http:\/\/dachgeschoss.dnsalias.com\/wordpress\/2019\/09\/06\/der-laaaaannnnnnge-sommer\/","title":{"rendered":"Der laaaaannnnnnge Sommer"},"content":{"rendered":"\n<p>Hall\u00f6chen Ihr lieben,<\/p>\n\n\n\n<p>nun ist der Sommer vorbei. Die N\u00e4chte enden bei 7 Grad. Mal Zeit den Sommer zusammenzufassen.<\/p>\n\n\n\n<p>Am 29.06. starteten wir (Matti und Ole) unsere 6 Wochen Sommerferien. Zuerst ging es zu Oma Vroni und Opa Rudi nach Berlin. Schon am Montag ging es in den Urlaub nach Polen (Polchowo). Dies ist ein kleiner Ort auf dem polnischen Festland \u00f6stlich der Insel Wollin. Leider hat der Sommer Pause gemacht und es wurde kalt, regnerisch und windig. Dank des gro\u00dfen Koffers (mit gen\u00fcgend Anziehsachen f\u00fcr jede Wetterlage) und den Fahrr\u00e4dern konnte uns das Wetter nicht schrecken. Wir haben die ganze K\u00fcste erkundet. Wir waren auf Leuchtt\u00fcrmen und in Miniaturmuseen. Wir waren in Parks mit Meeresbewohnern und in alten Wikinger D\u00f6rfern. &nbsp;Und hier und da gab es auch mal ein Eis (oder zwei). Unser Hotel lag im Hinterland direkt am Wasser. Auf einem Hochsitz konnte man \u00fcber den Schilfg\u00fcrtel gucken. Auf dem gro\u00dfen Rasen spielten wir mit Opa Fu\u00dfball. Von hier aus haben wir auch eine Kanutour am Schilfg\u00fcrtel entlang gemacht. Der Wind hat das Wasser ganz sch\u00f6n aufgew\u00fchlt. Das war anstrengend.<\/p>\n\n\n\n<p>Leider wurde das Wetter erst am Ende der knapp 10 Tage sch\u00f6n.<\/p>\n\n\n\n<p>Am 11.07. ging es dann voll bepackt in Richtung Usedom zu Oma Ilona und Opa Lutz. Dort angekommen konnten wir die jetzt w\u00e4rmeren Temperaturen beim Abendbrot auf der Terrasse genie\u00dfen. Wir bezogen dort Papas altes Zimmer und Oma Vroni und Opa Rudi blieben auch noch \u00fcber das Wochenende in der Ferienwohnung.<\/p>\n\n\n\n<p>Auf unseren Wunsch hin war jetzt Bootfahren angesagt. Also wurde jeden Morgen Proviant eingepackt und die Angeln durften auch nicht fehlen. Von Zecherin ging es dann je nach Wetterlage den Peenestrom aufw\u00e4rts und abw\u00e4rts. Wir fingen allerhand Fische. Die ersten haben wir in den Gartenteich gesetzt, die n\u00e4chsten haben die Katzen bekommen und alle anderen haben wir wieder ins Wasser gelassen. Das Highlight der Angeltouren war ein 50cm gro\u00dfer Blei bei Mattes und ein ebenso langer Aal (am Tag gefangen) von Ole.<\/p>\n\n\n\n<p>Die Auszeit beim Angeln verbrachten wir mit Schlauchbootfahren und Baden. Uns wurde nie langweilig.<\/p>\n\n\n\n<p>An einem Tag war das Wetter nicht ganz so gut, hier waren wir mit dem Fahrrad unterwegs. Es ging \u00fcber M\u00f6lschow \u2013 Zecherin \u2013 Wolgast \u2013 Drei-Linden-Grund nach Freest. Hier mit der F\u00e4hre nach Peenem\u00fcnde und dann im Eiltempo nach Trassenheide zur\u00fcck. Eine Tagestour mit knapp 50km.<\/p>\n\n\n\n<p>Am 20.07. waren dann auch unsere Eltern wieder da. 3 Wochen hatten wir uns nicht gesehen. Da hatten wir uns viel zu erz\u00e4hlen. Da unsere Eltern die Strandg\u00e4nger sind, ging es ab jetzt vorwiegend zum Strand. Gleich in den ersten Tagen war der Wind so g\u00fcnstig, dass wir beide (Ole und Matti) einen Surfkurs machen konnten. Selbst Ole konnte am Ende einen kurzen Ritt \u00fcber die kleinen Wellen machen. Die restliche Zeit haben wir unser Volleyballtraining durchgef\u00fchrt. Am Anfang ist beim Zuspielen der Volleyball sehr oft runtergefallen. Am Ende des Urlaubes hat Matti 240 Zuspiele geschafft und Ole 42.<\/p>\n\n\n\n<p>Das gab gleich die Motivation den Junior-Beachcup in Karlshagen zu bestreiten. Matti und sein Kumpel Alex haben gleich bei der ersten Teilnahme als j\u00fcngste einen beachtlichen 6. Platz belegt.<\/p>\n\n\n\n<p>Auch der sch\u00f6nste Urlaub hat einmal ein Ende. Kurz bevor Ole 6 Jahre alt geworden ist, musste wir uns auf den Heimweg machen. Die Vorbereitung auf das n\u00e4chste Schuljahr war jetzt wichtig und ein Event stand noch an. Die ganze Familie war beim Citybiathlon in Wiesbaden aktiv. Die einen als Aktive in Sichtungswettk\u00e4mpfen, die anderen im Organisationsteam. Es war Oles 6 Geburtstag und es sollte ein besonderer Geburtstag werden. Am Ende das Geburtstages hatte Ole (und auch Matti) viele Autogramme und Fotos und auch noch ein Leibchen von Roman Rees abgestaubt. Alle Stars des Biathlons waren anwesend und zum Anfassen nah. Mit Fritz Fischer gab es eine Trainingseinheit, mit Sven Fischer haben wir gefachsimpelt. Dem ZDF lagen wir w\u00e4hrend der \u00dcbertragung zu F\u00fc\u00dfen und im Zeltlager gab es Fotos mit beiden Boe Br\u00fcdern (Johannes und Tarjei), Dorothea Wierer, Franziska Preuss, Roman Rees, Benedikt Doll, Quentin Fillon Maillet \u2026 &nbsp;Und von Runde zu Runde war auch noch einer von uns live im Fernsehen zu sehen.<\/p>\n\n\n\n<p>Am Montag ging die Schule wieder los. Dank der Hitze vor allem im Schwimmbad. Am Donnerstag war dann auch schon wieder Schluss \u2013 Feiertag. Da Omas 60. Geburtstag am Sonntag ins Haus stand und wir zu einem \u00dcberraschungsbesuch antreten wollten, haben wir (alle au\u00dfer Mama, die musste arbeiten) uns \u00fcber das lange Wochenende gefreut.<\/p>\n\n\n\n<p>Am Donnerstag ging es mit einem neuen Kanu im Gep\u00e4ck in Richtung Leipzig zum M\u00e4nnerausflug. Am Abend erreichten wir den Cospudener See. Nach einer Skatetour um den See und Essen in der Pizzeria haben wir auf dem Parkplatz im Auto \u00fcbernachtet. Selbst das n\u00e4chtliche Gewitter war cool.<\/p>\n\n\n\n<p>Am Morgen gab es nach einer Dusche und top Fr\u00fchst\u00fcck bei \u201eBrot&amp;Kees\u201c und dann wurde das Kanu ausprobiert. Einmal \u00fcber den See \u2013 den ganzen Tag baden \u2013 und wieder zur\u00fcck. Am Nachmittag kam auch kurz der Onkel Chris vorbei, bevor es dann weiter zu Oma ging.<\/p>\n\n\n\n<p>Oma hat sich riesig \u00fcber den Besuch gefreut. Die Mama kam sp\u00e4t mit dem Zug dazu. Am Samstagabend startete die Feier in einem Italienischen Restaurant in Potsdam. Alle (Chris und Tina, Oma Vroni, Opa Rudi, Oma und Opa Heinzelmann und wir) haben sich dort zusammengefunden, um anschlie\u00dfend zur Schl\u00f6ssernacht (Potsdam) zu gehen. Erst sp\u00e4t in der Nacht waren wir M\u00fcde wieder bei Oma zu Hause. Die eigentliche Feier fand dann am n\u00e4chsten Vormittag bei Madlen statt. Auch hier erwarteten wir eine kleine \u00dcberraschung. Familie Radeck kamen singend um die Ecke.<\/p>\n\n\n\n<p>Auch dieses Wochenende ging wieder vorbei. Auf der R\u00fccktour ins Saarland haben wir noch Oma Heinzelmann eingepackt. Sie hat uns die n\u00e4chste Woche besucht und mit uns die hei\u00dfen Nachmittage im Schwimmbad verbracht.<\/p>\n\n\n\n<p>Was die Oma nur noch auf Video sehen konnte, ist der Salto R\u00fcckw\u00e4rts, den wir jetzt k\u00f6nnen. Der Matti beherrscht ihn sauber und sogar vom 3m Turm. Ole hat ihn bis jetzt 2 Mal richtig vom 1m Brett ins Wasser bekommen.<\/p>\n\n\n\n<p>Am 1.September (Sonntag) hatten unsere Eltern noch eine geheimnisvolle \u00dcberraschung f\u00fcr uns. Tagelang durften wir es nicht erfahren, bis Mama sich kurz vor der Abfahrt verquatscht hat. Es ging in den Zirkus Flick Flack. Ein Zirkus, den es schon 30 Jahre gibt und der ganz auf Artistik aufgebaut ist. Zum Gl\u00fcck wurden hier keine Tiere gequ\u00e4lt, dann w\u00e4re Ole nicht mitgekommen. 2 Stunden lang stand und der Mund offen und wir sch\u00fcttelten den Kopf \u2013 was alles m\u00f6glich war.<\/p>\n\n\n\n<p>Am 5. September passierte dann endlich das, worauf Ole schon 2 Jahre hingearbeitet hatte. Endlich viel der erste Zahn aus. Zu allem Leid, passierte es beim Trinken im Hof und der Zahn viel auf den Boden und konnte nicht wiedergefunden werden. Zum Gl\u00fcck ist die Zahnfee nicht so und hat trotzdem etwas gebracht.<\/p>\n\n\n\n<p>So, jetzt ist erst mal Schluss\u2026<\/p>\n\n\n\n<p>Bis zum n\u00e4chsten Mal<\/p>\n\n\n\n<p>Eure Wend\u00f6rfer<\/p>\n","protected":false},"excerpt":{"rendered":"<p>Hall\u00f6chen Ihr lieben, nun ist der Sommer vorbei. Die N\u00e4chte enden bei 7 Grad. Mal Zeit den Sommer zusammenzufassen. Am 29.06. starteten wir (Matti und Ole) unsere 6 Wochen Sommerferien. Zuerst ging es zu Oma Vroni und Opa Rudi nach Berlin. Schon am Montag ging es in den Urlaub nach Polen (Polchowo). Dies ist ein &hellip; <a href=\"http:\/\/dachgeschoss.dnsalias.com\/wordpress\/2019\/09\/06\/der-laaaaannnnnnge-sommer\/\" class=\"more-link\"><span class=\"screen-reader-text\">Der laaaaannnnnnge Sommer<\/span> weiterlesen <span class=\"meta-nav\">&rarr;<\/span><\/a><\/p>\n","protected":false},"author":1,"featured_media":0,"comment_status":"closed","ping_status":"","sticky":false,"template":"","format":"standard","meta":[],"categories":[1],"tags":[],"_links":{"self":[{"href":"http:\/\/dachgeschoss.dnsalias.com\/wordpress\/wp-json\/wp\/v2\/posts\/508"}],"collection":[{"href":"http:\/\/dachgeschoss.dnsalias.com\/wordpress\/wp-json\/wp\/v2\/posts"}],"about":[{"href":"http:\/\/dachgeschoss.dnsalias.com\/wordpress\/wp-json\/wp\/v2\/types\/post"}],"author":[{"embeddable":true,"href":"http:\/\/dachgeschoss.dnsalias.com\/wordpress\/wp-json\/wp\/v2\/users\/1"}],"replies":[{"embeddable":true,"href":"http:\/\/dachgeschoss.dnsalias.com\/wordpress\/wp-json\/wp\/v2\/comments?post=508"}],"version-history":[{"count":1,"href":"http:\/\/dachgeschoss.dnsalias.com\/wordpress\/wp-json\/wp\/v2\/posts\/508\/revisions"}],"predecessor-version":[{"id":509,"href":"http:\/\/dachgeschoss.dnsalias.com\/wordpress\/wp-json\/wp\/v2\/posts\/508\/revisions\/509"}],"wp:attachment":[{"href":"http:\/\/dachgeschoss.dnsalias.com\/wordpress\/wp-json\/wp\/v2\/media?parent=508"}],"wp:term":[{"taxonomy":"category","embeddable":true,"href":"http:\/\/dachgeschoss.dnsalias.com\/wordpress\/wp-json\/wp\/v2\/categories?post=508"},{"taxonomy":"post_tag","embeddable":true,"href":"http:\/\/dachgeschoss.dnsalias.com\/wordpress\/wp-json\/wp\/v2\/tags?post=508"}],"curies":[{"name":"wp","href":"https:\/\/api.w.org\/{rel}","templated":true}]}}