{"id":498,"date":"2019-02-10T17:05:00","date_gmt":"2019-02-10T16:05:00","guid":{"rendered":"http:\/\/192.168.3.11\/wordpress\/?p=498"},"modified":"2024-01-30T22:03:20","modified_gmt":"2024-01-30T21:03:20","slug":"wunderschoene-aber-harte-tage","status":"publish","type":"post","link":"http:\/\/dachgeschoss.dnsalias.com\/wordpress\/2019\/02\/10\/wunderschoene-aber-harte-tage\/","title":{"rendered":"Wundersch\u00f6ne, aber harte Tage"},"content":{"rendered":"\n<p>Hall\u00f6chen Ihr Lieben,<\/p>\n\n\n\n<p>wir gr\u00fc\u00dfen Euch ganz herzlich mit wieder einmal tollen Bildern aus dem Schwarzwald.<\/p>\n\n\n\n<p>Nachdem wir letztes Wochenende zu sechst wundersch\u00f6ne Skitage auf dem Kniebis verbracht haben, waren Oma Vroni und Opa Rudi eine ganze Woche mit mir Ole im Skitrainingslager. Wir hatten bis auf einen Tag traumhaftes Winterwetter und waren jeden Tag zwischen 10 und 15 km auf den Skiern. Super, dass Papa mir noch richtige Skatingskier bestellt hat, denn so war es f\u00fcr mich fast ein Kinderspiel die Touren auf den Schliffkopf und nach Freudenstadt zu meistern;-). Es waren tolle, aber harte Tage und Opa hat immer alles bestimmen wollen;-). Und richtig toll ist, dass wir am Freitag noch in Freudenstadt shoppen waren und Oma Matti und mir richtige Skim\u00fctzen gekauft hat. Ich habe vorn eine Norwegenflagge drauf und bin sehr darauf bedacht, dass diese auch immer vorn in der Mitte bleibt;-).<\/p>\n\n\n\n<p>Dann wurde gestern vom Deutschen Skiverband der Nordic Ski Tag organisiert und unser Verein hatte einen eigenen Stand mit Stehend-und Liegendschie\u00dfanlagen betreut. Leider hat uns das Wetter gestern einen Strich durch die Rechnung gemacht. Es hat vormittags fast durchgehend geregnet, so dass die Gewehre und Schie\u00dfanlagen kaum funktioniert haben. Leider ist deshalb auch das Biathlonrennen am Nachmittag ausgefallen;-(. Aber daf\u00fcr wurde der Saarl\u00e4ndische Rundfunk auf mich Ole und Matti aufmerksam. Irgendwie fanden sie uns sooo toll, dass sie uns st\u00e4ndig mit ihren Kameras verfolgt haben. Der Beitrag ist heute am 10.2. um 18,45 in der Sportschau zu sehen. Und nicht nur die Reporter waren ganz fasziniert von mir Ole, auch alle anderen anwesenden Trainer meitnen, dass ich ein Naturtalent sei. Vielleicht werde ich wirklich mal Biathlet;-).<\/p>\n\n\n\n<p>Gegen 16 Uhr war aller Trubel wieder vorbei und das Stadion wie leer gefegt und so konntenwir&nbsp; bei dann endlich trockenen Verh\u00e4ltnissen ein wenig Skispringen \u00fcber selbst gebaute Schanzen \u00fcben. Das war klasse!!!! Hundm\u00fcde sind wir alle gegen 20 Uhr ins Bett. Heute war es dann leider zu st\u00fcrmig, so dass wir heute nicht mehr auf die Piste konnten.<\/p>\n\n\n\n<p>Alles in allem war es aber eine geniale Zeit!!! Danke liebe Oma Vroni und danke lieber Opa Rudi!!!<\/p>\n\n\n\n<p>Euch einen guten Start in die neue Woche!<\/p>\n\n\n\n<p>Euer Ole und Euer Mattes<\/p>\n","protected":false},"excerpt":{"rendered":"<p>Hall\u00f6chen Ihr Lieben, wir gr\u00fc\u00dfen Euch ganz herzlich mit wieder einmal tollen Bildern aus dem Schwarzwald. Nachdem wir letztes Wochenende zu sechst wundersch\u00f6ne Skitage auf dem Kniebis verbracht haben, waren Oma Vroni und Opa Rudi eine ganze Woche mit mir Ole im Skitrainingslager. Wir hatten bis auf einen Tag traumhaftes Winterwetter und waren jeden Tag &hellip; <a href=\"http:\/\/dachgeschoss.dnsalias.com\/wordpress\/2019\/02\/10\/wunderschoene-aber-harte-tage\/\" class=\"more-link\"><span class=\"screen-reader-text\">Wundersch\u00f6ne, aber harte Tage<\/span> weiterlesen <span class=\"meta-nav\">&rarr;<\/span><\/a><\/p>\n","protected":false},"author":1,"featured_media":0,"comment_status":"closed","ping_status":"","sticky":false,"template":"","format":"standard","meta":[],"categories":[1],"tags":[],"_links":{"self":[{"href":"http:\/\/dachgeschoss.dnsalias.com\/wordpress\/wp-json\/wp\/v2\/posts\/498"}],"collection":[{"href":"http:\/\/dachgeschoss.dnsalias.com\/wordpress\/wp-json\/wp\/v2\/posts"}],"about":[{"href":"http:\/\/dachgeschoss.dnsalias.com\/wordpress\/wp-json\/wp\/v2\/types\/post"}],"author":[{"embeddable":true,"href":"http:\/\/dachgeschoss.dnsalias.com\/wordpress\/wp-json\/wp\/v2\/users\/1"}],"replies":[{"embeddable":true,"href":"http:\/\/dachgeschoss.dnsalias.com\/wordpress\/wp-json\/wp\/v2\/comments?post=498"}],"version-history":[{"count":1,"href":"http:\/\/dachgeschoss.dnsalias.com\/wordpress\/wp-json\/wp\/v2\/posts\/498\/revisions"}],"predecessor-version":[{"id":499,"href":"http:\/\/dachgeschoss.dnsalias.com\/wordpress\/wp-json\/wp\/v2\/posts\/498\/revisions\/499"}],"wp:attachment":[{"href":"http:\/\/dachgeschoss.dnsalias.com\/wordpress\/wp-json\/wp\/v2\/media?parent=498"}],"wp:term":[{"taxonomy":"category","embeddable":true,"href":"http:\/\/dachgeschoss.dnsalias.com\/wordpress\/wp-json\/wp\/v2\/categories?post=498"},{"taxonomy":"post_tag","embeddable":true,"href":"http:\/\/dachgeschoss.dnsalias.com\/wordpress\/wp-json\/wp\/v2\/tags?post=498"}],"curies":[{"name":"wp","href":"https:\/\/api.w.org\/{rel}","templated":true}]}}