{"id":482,"date":"2018-09-11T21:31:00","date_gmt":"2018-09-11T19:31:00","guid":{"rendered":"http:\/\/192.168.3.11\/wordpress\/?p=482"},"modified":"2024-01-30T21:56:42","modified_gmt":"2024-01-30T20:56:42","slug":"verdammt-lange-her","status":"publish","type":"post","link":"http:\/\/dachgeschoss.dnsalias.com\/wordpress\/2018\/09\/11\/verdammt-lange-her\/","title":{"rendered":"Verdammt lange her&#8230;"},"content":{"rendered":"\n<p>Hall\u00f6chen Ihr Lieben,<\/p>\n\n\n\n<p>unsere Sommerpause ist nun vorbei und es ist verdammt lange her, dass wir uns das letzte Mal bei Euch gemeldet haben.<\/p>\n\n\n\n<p>Unsere 6 Wochen Sommerferien waren einfach herrlich. Erst waren wir ganze 2,5 Wochen bei Oma und Opa Heinzelmann, Oma Vroni und Opa Rundi in Berlin und haben den Garten von Oma und die Eisdiele von Panketal unsicher gemacht. Ob im Planschbecken, beim Fussball spielen, an der Tischtennisplatte, beim Baden im Obersee oder einfach nur beim abendlichen M\u00e4rchenvorlesen von Oma Heinzelmann , wir hatten einfach wundersch\u00f6ne Ferientage und haben Mama und Papa kein bi\u00dfchen vermisst. Wir haben zwar (fast) jden Tag per Whats app Videotelefonie gemacht, aber das war wohl eher eine Beruhigung f\u00fcr Mama und Papa. Mama und Papa ihrerseits haben ihre freie Zeit auch gut genutzt. Sie waren oft nach der Arbeit beachen oder haben tolle Wanderausfl\u00fcge in der n\u00e4hereen Umgebung gemacht.Wir sagen auf jeden Fall noch einmal vielen Dank f\u00fcr die sch\u00f6ne Zeit!!!!<\/p>\n\n\n\n<p>Nach 2,5 Wochen haben uns Mama und Papa dann von Berlin abgeholt und wir sind nach ein paar gemeinsamen Tagen dort nach Usedom zu Oma Lona und Opa Lutz weiter gefahren. Auch da hatten wir bei bestem Sommerwetter eine tolle Zeit. Wir haben mit Oma Lona und Opa Lutz tolle Stunden auf und mit dem Boot verbracht, haben geangelt und haben sogar ein eigens kleines Schlauchboot bekommen. Das haben wir dann feierlich Matole getauft. Ole und ich (Mattes) haben unsere ersten eigenen Fische gefangen und den Barsch von Ole hat Opa dann abends sogar k\u00f6stlich zubereitet. Neben den sch\u00f6nen Stunden an Bord haben wir auch viel Volleyball- und Fu\u00dfball am Strand gespielt. Und wir haben nach sehr langem Warten auf etwas Wind einen Surfkurs gemacht. Nur Ole war noch ein wenig klein daf\u00fcr. Das war richtig toll und wir w\u00fcrden am liebsten gleich noch einen auf dem Bostalsee im Saarland machen;-).&nbsp;<\/p>\n\n\n\n<p>Aber auch diese sch\u00f6ne Zeit hatte ihr Ende und so sind wir wieder im Saarland und seit mehr als 4 Wochen im Alltag angekommen.Gl\u00fccklicherweise ist unsere Oma Heinzelmann in der zweiten Schulwoche noch mal f\u00fcr 1 Woche zu uns gekommen, so dass ich (Matti) noch ein wenig Unterst\u00fctzung in den ersten Tagen der zweiten Klasse hatte. Es ist einfach zu sch\u00f6n schon mittags von der Schule abheolt zu werden und mit Oma direkt weiter ins Schwimmbad zu gehen;-). Selbst Ole drfte die ganze Woche mit Oma Zuhause bleiben. Vielen Dank liebe Oma!!! In der Schule haben wir ab diesem Schuljahr Zensuren und bisher auch schon eine Franz\u00f6sischarbeit und einen Sachkundetest geschrieben.<\/p>\n\n\n\n<p>Ach ja und Ole hatte doch seinen 5. Geburtstag. Gl\u00fccklicherweise war dies ein Samstag, so dass wir alle Zuhause waren und Ole mit einem sch\u00f6nen Geburtstagstisch \u00fcberrascht haben. Nachmittags sind dann seine Kumpels Max, Till und Morri zur Feier im Schwimmbad gekommen. Da der 11. August ein Tag war, der nicht so hei\u00df wie die restlichen, war das Schwimmbad soooo leer, dass wir die Becken f\u00fcr uns allein hatten. Es war ein sch\u00f6ne und f\u00fcr Mama und Papa auch recht anstrengender Geburtstag;-).&nbsp;<\/p>\n\n\n\n<p>Und letztes Wochenende sind wir f\u00fcr das letzte Mal in diesem Jahr in unserem Freibad gewesen;-( und haben den Merziger Wolfspark besucht. Dort hat uns die Tierpflegerin \u00fcber 2h interessante Geschichten aua ihrem Leben mit den W\u00f6lfen als auch viele Informationen \u00fcber diese faszinierenden Tieren gehalten. Sie hat das sooo spannend erz\u00e4hlt, dass Ole und ich ewig h\u00e4tten zuh\u00f6ren k\u00f6nnen.&nbsp;<\/p>\n\n\n\n<p>Tja, das sind die letzten Monat ein ein paar Zeilen zusammengefasst.<\/p>\n\n\n\n<p>Wir w\u00fcnschen Euch noch eine sch\u00f6ne Restwoche<\/p>\n\n\n\n<p>Euer Ole und Euer Mattes<\/p>\n","protected":false},"excerpt":{"rendered":"<p>Hall\u00f6chen Ihr Lieben, unsere Sommerpause ist nun vorbei und es ist verdammt lange her, dass wir uns das letzte Mal bei Euch gemeldet haben. Unsere 6 Wochen Sommerferien waren einfach herrlich. Erst waren wir ganze 2,5 Wochen bei Oma und Opa Heinzelmann, Oma Vroni und Opa Rundi in Berlin und haben den Garten von Oma &hellip; <a href=\"http:\/\/dachgeschoss.dnsalias.com\/wordpress\/2018\/09\/11\/verdammt-lange-her\/\" class=\"more-link\"><span class=\"screen-reader-text\">Verdammt lange her&#8230;<\/span> weiterlesen <span class=\"meta-nav\">&rarr;<\/span><\/a><\/p>\n","protected":false},"author":1,"featured_media":0,"comment_status":"closed","ping_status":"","sticky":false,"template":"","format":"standard","meta":[],"categories":[1],"tags":[],"_links":{"self":[{"href":"http:\/\/dachgeschoss.dnsalias.com\/wordpress\/wp-json\/wp\/v2\/posts\/482"}],"collection":[{"href":"http:\/\/dachgeschoss.dnsalias.com\/wordpress\/wp-json\/wp\/v2\/posts"}],"about":[{"href":"http:\/\/dachgeschoss.dnsalias.com\/wordpress\/wp-json\/wp\/v2\/types\/post"}],"author":[{"embeddable":true,"href":"http:\/\/dachgeschoss.dnsalias.com\/wordpress\/wp-json\/wp\/v2\/users\/1"}],"replies":[{"embeddable":true,"href":"http:\/\/dachgeschoss.dnsalias.com\/wordpress\/wp-json\/wp\/v2\/comments?post=482"}],"version-history":[{"count":1,"href":"http:\/\/dachgeschoss.dnsalias.com\/wordpress\/wp-json\/wp\/v2\/posts\/482\/revisions"}],"predecessor-version":[{"id":483,"href":"http:\/\/dachgeschoss.dnsalias.com\/wordpress\/wp-json\/wp\/v2\/posts\/482\/revisions\/483"}],"wp:attachment":[{"href":"http:\/\/dachgeschoss.dnsalias.com\/wordpress\/wp-json\/wp\/v2\/media?parent=482"}],"wp:term":[{"taxonomy":"category","embeddable":true,"href":"http:\/\/dachgeschoss.dnsalias.com\/wordpress\/wp-json\/wp\/v2\/categories?post=482"},{"taxonomy":"post_tag","embeddable":true,"href":"http:\/\/dachgeschoss.dnsalias.com\/wordpress\/wp-json\/wp\/v2\/tags?post=482"}],"curies":[{"name":"wp","href":"https:\/\/api.w.org\/{rel}","templated":true}]}}