{"id":48,"date":"2011-03-09T16:00:00","date_gmt":"2011-03-09T15:00:00","guid":{"rendered":"http:\/\/192.168.3.11\/wordpress\/?p=48"},"modified":"2024-01-30T17:17:54","modified_gmt":"2024-01-30T16:17:54","slug":"mensch-mama","status":"publish","type":"post","link":"http:\/\/dachgeschoss.dnsalias.com\/wordpress\/2011\/03\/09\/mensch-mama\/","title":{"rendered":"Mensch Mama!!!"},"content":{"rendered":"\n<p>Hallo Ihr Lieben,<\/p>\n\n\n\n<p>das so genannte &#8222;dumme Vierteljahr&#8220; ist vorbei. Wenn ihr mich fragt, f\u00fchle ich mich kein St\u00fcck anders. Zu diesem besonderen Tag am Montag haben mir meine Eltern sogar ein Geburtstagsst\u00e4ndchen gesungen;-). Das klang gar nicht so schlecht, nur textsicher sind sie beide nicht. Sie denken, ich bekomme das noch nicht mit, da haben sie sich aber m\u00e4chtig geirrt. (Aber das bleibt unter uns;-).&nbsp;<\/p>\n\n\n\n<p>Wie gesagt, bei mir ist alles beim Alten. Das mit dem Greifen klappt nat\u00fcrlich von Tag zu Tag besser und so kann ich mir bald alles schnappen, was im Umkreis von meiner Fl\u00fcgelspanne liegt. Nur meine Finger setzte ich noch nicht so richtig ein. Ich versuche meist mit beiden H\u00e4nden die Dinge zu umklammern ohne die Finger dabei einzusetzen. \u00dcbung macht den Meister. Und zum \u00dcben hat meine Mama meinen Stoffgreifring, den Krabbelk\u00e4fer, mit wundersch\u00f6nem gelben Schleifenband so \u00fcber mein Bettchen gespannt, dass ich ihn hin und her bewegen kann. Ach und ich habe gestern zum ersten Mal ger\u00e4uschvoll gelacht, nachdem Mama mich abgekitzelt hat. Meine Mama und mein Papa haben sich richtig erschrocken. Sie waren davon so begeistert, dass danach jeder von beiden mich immer wieder zum Lachen bringen wollte. So schnell kann man meine Eltern begeistern.<\/p>\n\n\n\n<p>Aber jetzt zu meiner Mama. Sie ist wie ein zerstreuter Professor. Es ist echt verr\u00fcckt, aber erst l\u00e4sst sie meine Windeln im Gesch\u00e4ft stehen und dann verpeilt sie meinen Kinderarzttermin. Na gut, dar\u00fcber war ich gar nicht so ungl\u00fccklich, denn es h\u00e4tte wieder zwei Spritzen in meine Oberschenkel gegeben. Sie kann sich jedenfalls keine drei Sachen ohne Merkzettel behalten. Zum Gl\u00fcck kennt die Medizin auch f\u00fcr diesen Fall eine Ausrede, n\u00e4mlich die so genannte Stilldemenz. Mensch Mama, wenn das so weiter geht, dann bekommst du zu Ostern nen riesen Notizblock!!! Also wenn sie mal euren Geburtstag vergisst, dann ist das absolut nicht b\u00f6se gemeint, sondern ganz normal wie bei fast allen stillenden M\u00fcttern. Nur den neuen Arzttermin morgen wird sie wohl leider nicht mehr vergessen. Schade, denn so werde ich morgen wieder mit der 6fach-Impfung geplagt. Na ja, ich werde euch berichten.<\/p>\n\n\n\n<p>So wie versprochen, melde ich mich nach dem Arzttermin wieder bei euch. Es war mal wieder schrecklich. Erst tun sie alle ganz freundlich und bringen mich zum Lachen und dann kommen sie am Ende mit diesen gro\u00dfen Spritzen. Na ja, aber ich hatte mich halbwegs wieder beruhigt bis Mama in der Apotheke meine D-Fluoretten besorgt hat und eine \u00e4ltere Dame in den Kinderwagen schaute. Freundlich wie ich nun einmal bin, habe ich sie mit meinem zuckers\u00fc\u00dfen L\u00e4cheln umgarnt. Und dann meint sie doch pl\u00f6tzlich: &#8222;Was f\u00fcr ein freundlichen Kind, ist bestimmt ein M\u00e4dchen?!&#8220; Ab da war es vorbei, ich fing wieder an zu br\u00fcllen. Arme Mama! Als ob nur M\u00e4dchen s\u00fc\u00df und freundlich sind&#8230;.<\/p>\n\n\n\n<p>Was euch vielleicht noch interessiert sind meine neuesten Eckdaten: L\u00e4nge: 61cm (letzte Woche von meiner Hebamme wurde ich 64cm gemessen), Gewicht: 6440g, Kopfunmfang: 41cm. Bin einer der gr\u00f6\u00dften und dicksten in der Hebammengruppe, bin sogar dicker als mein Kumpel Moritz, der 4 Wochen \u00e4lter ist;-). Das mit dem Eckzahn ist \u00fcbrigens auch etwas voreilig von meiner Mama gewesen. Laut Kinderarzt ist das ne Talgzyste, die wieder verschwindet. Mein Alibi zum Meckern ist damit hin\u00fcber;-(. Schade!<\/p>\n\n\n\n<p>Na gut, ich muss das alles erst mal verdauen. Ich geh jetzt schlafen und hoffe, dass ich sp\u00e4ter nicht wieder so Schmerzen in den Beinen wie beim letzten Mal bekomme. In der Nacht habe ich dann Fieber bekommen, so dass Mama mir ein Z\u00e4pfchen gegeben hat. Der n\u00e4xchste Tag war auch bescheiden, denn trotz Z\u00e4pfchen habe ich immer wieder Fieber bekommen und war sehr weinerlich. Das bin ich sonst eigentlich nie;-). Aber heute am Samstag geht es mir wieder bestens, zwar habe ich noch etwas erh\u00f6hte Temperatur, aber ich bin wieder ganz der Alte und freue mich auf den Besuch von Onkel Christian und Wiebke.&nbsp;<\/p>\n\n\n\n<p>Also bis bald alles Liebe<\/p>\n\n\n\n<p>Euer Mattes<\/p>\n","protected":false},"excerpt":{"rendered":"<p>Hallo Ihr Lieben, das so genannte &#8222;dumme Vierteljahr&#8220; ist vorbei. Wenn ihr mich fragt, f\u00fchle ich mich kein St\u00fcck anders. Zu diesem besonderen Tag am Montag haben mir meine Eltern sogar ein Geburtstagsst\u00e4ndchen gesungen;-). Das klang gar nicht so schlecht, nur textsicher sind sie beide nicht. Sie denken, ich bekomme das noch nicht mit, da &hellip; <a href=\"http:\/\/dachgeschoss.dnsalias.com\/wordpress\/2011\/03\/09\/mensch-mama\/\" class=\"more-link\"><span class=\"screen-reader-text\">Mensch Mama!!!<\/span> weiterlesen <span class=\"meta-nav\">&rarr;<\/span><\/a><\/p>\n","protected":false},"author":1,"featured_media":0,"comment_status":"closed","ping_status":"","sticky":false,"template":"","format":"standard","meta":[],"categories":[1],"tags":[],"_links":{"self":[{"href":"http:\/\/dachgeschoss.dnsalias.com\/wordpress\/wp-json\/wp\/v2\/posts\/48"}],"collection":[{"href":"http:\/\/dachgeschoss.dnsalias.com\/wordpress\/wp-json\/wp\/v2\/posts"}],"about":[{"href":"http:\/\/dachgeschoss.dnsalias.com\/wordpress\/wp-json\/wp\/v2\/types\/post"}],"author":[{"embeddable":true,"href":"http:\/\/dachgeschoss.dnsalias.com\/wordpress\/wp-json\/wp\/v2\/users\/1"}],"replies":[{"embeddable":true,"href":"http:\/\/dachgeschoss.dnsalias.com\/wordpress\/wp-json\/wp\/v2\/comments?post=48"}],"version-history":[{"count":1,"href":"http:\/\/dachgeschoss.dnsalias.com\/wordpress\/wp-json\/wp\/v2\/posts\/48\/revisions"}],"predecessor-version":[{"id":49,"href":"http:\/\/dachgeschoss.dnsalias.com\/wordpress\/wp-json\/wp\/v2\/posts\/48\/revisions\/49"}],"wp:attachment":[{"href":"http:\/\/dachgeschoss.dnsalias.com\/wordpress\/wp-json\/wp\/v2\/media?parent=48"}],"wp:term":[{"taxonomy":"category","embeddable":true,"href":"http:\/\/dachgeschoss.dnsalias.com\/wordpress\/wp-json\/wp\/v2\/categories?post=48"},{"taxonomy":"post_tag","embeddable":true,"href":"http:\/\/dachgeschoss.dnsalias.com\/wordpress\/wp-json\/wp\/v2\/tags?post=48"}],"curies":[{"name":"wp","href":"https:\/\/api.w.org\/{rel}","templated":true}]}}