{"id":468,"date":"2017-12-17T20:39:00","date_gmt":"2017-12-17T19:39:00","guid":{"rendered":"http:\/\/192.168.3.11\/wordpress\/?p=468"},"modified":"2024-01-30T21:50:19","modified_gmt":"2024-01-30T20:50:19","slug":"grosse-geburtstagsfete","status":"publish","type":"post","link":"http:\/\/dachgeschoss.dnsalias.com\/wordpress\/2017\/12\/17\/grosse-geburtstagsfete\/","title":{"rendered":"Gro\u00dfe Geburtstagsfete"},"content":{"rendered":"\n<p>Hall\u00f6chen Ihr Lieben,<\/p>\n\n\n\n<p>wir&nbsp; haben diesen Samstag meinen Geburtstag mit meinen Freunden gefeiert. Ich habe drei Kinder aus Kitazeiten Aaron, Sophie und Lenni und aus meiner Klasse Basti, Anton und Jannis eingeladen. Um punkt 14 Uhr waren alle Kinder gleichzeitig da. Auch Max der Bruder von Sophie war f\u00fcr Ole als Spielkamerad eingeladen. Zuerst gab es erst einmal lecker K\u00e4sekuchen, Muffins und Pl\u00e4tzchen. Und dann habe ich alle Geschenke gerade zu aufgerissen. Ich habe sooooo viel Lego bekommen. Das ist richtig cool!!! Und dann haben wir Topf schlagen und Schokoladen essen gespielt. Eine wahre Freude f\u00fcr alle Beteiligten. Danach haben wir Keramikweihnachtsanh\u00e4nger bemalen d\u00fcrfen. Dar\u00fcber haben sich alle sehr gefreut und auch begeistert gemalt. Nat\u00fcrlich ist es, wenn 9 Kinder zusammen sind auch ziemlich wild und so ist Papa mit uns Jungs noch mal ne Runde auf den Sportplatz Fu\u00dfball spielen gegangen. Mama hat in der Zeit das Abendbrot und den Kinderpunsch f\u00fcr das Lagerfeuer vorbereitet. Eine super Feier. Doch das sch\u00f6nste war, dass Lenni mein Kumpel bei uns \u00fcbernachten durfte. Wir haben abends noch Lego bauen und Tpi toi Buch lesen d\u00fcrfen. Am Ende sind wir zufrieden und gl\u00fccklich zusammen im G\u00e4stezimmer eingeschlafen.<\/p>\n\n\n\n<p>Zum Leidwesen von Mama und Papa sind wir bereits um 6 Uhr heute Morgen aufgestanden und haben weitergespielt. Dabei earen wir nat\u00fcrlich nicht so leise, so dass Ole auch wach wurde;-). Arme Mama und armer Papa&#8230;.Nach dem notwendigen Mittagsschlaf haben wir heute unseren Weihnachtsbaum aufgestellt und geschm\u00fcckt. Die gestern bemalten Anh\u00e4nger sehen richtig gut am Baum aus. Und danach sind wir auf dem Homburger Weihanchtsmarkt Schlittschuh fahren gewesen.<\/p>\n\n\n\n<p>Ein tolles drittes Adventswochenende!<\/p>\n\n\n\n<p>So und nun w\u00fcnschen wir Euch eine sch\u00f6ne Woche!<\/p>\n\n\n\n<p>Bis bald Euer Ole und Euer Mattes<\/p>\n","protected":false},"excerpt":{"rendered":"<p>Hall\u00f6chen Ihr Lieben, wir&nbsp; haben diesen Samstag meinen Geburtstag mit meinen Freunden gefeiert. Ich habe drei Kinder aus Kitazeiten Aaron, Sophie und Lenni und aus meiner Klasse Basti, Anton und Jannis eingeladen. Um punkt 14 Uhr waren alle Kinder gleichzeitig da. Auch Max der Bruder von Sophie war f\u00fcr Ole als Spielkamerad eingeladen. Zuerst gab &hellip; <a href=\"http:\/\/dachgeschoss.dnsalias.com\/wordpress\/2017\/12\/17\/grosse-geburtstagsfete\/\" class=\"more-link\"><span class=\"screen-reader-text\">Gro\u00dfe Geburtstagsfete<\/span> weiterlesen <span class=\"meta-nav\">&rarr;<\/span><\/a><\/p>\n","protected":false},"author":1,"featured_media":0,"comment_status":"closed","ping_status":"","sticky":false,"template":"","format":"standard","meta":[],"categories":[1],"tags":[],"_links":{"self":[{"href":"http:\/\/dachgeschoss.dnsalias.com\/wordpress\/wp-json\/wp\/v2\/posts\/468"}],"collection":[{"href":"http:\/\/dachgeschoss.dnsalias.com\/wordpress\/wp-json\/wp\/v2\/posts"}],"about":[{"href":"http:\/\/dachgeschoss.dnsalias.com\/wordpress\/wp-json\/wp\/v2\/types\/post"}],"author":[{"embeddable":true,"href":"http:\/\/dachgeschoss.dnsalias.com\/wordpress\/wp-json\/wp\/v2\/users\/1"}],"replies":[{"embeddable":true,"href":"http:\/\/dachgeschoss.dnsalias.com\/wordpress\/wp-json\/wp\/v2\/comments?post=468"}],"version-history":[{"count":1,"href":"http:\/\/dachgeschoss.dnsalias.com\/wordpress\/wp-json\/wp\/v2\/posts\/468\/revisions"}],"predecessor-version":[{"id":469,"href":"http:\/\/dachgeschoss.dnsalias.com\/wordpress\/wp-json\/wp\/v2\/posts\/468\/revisions\/469"}],"wp:attachment":[{"href":"http:\/\/dachgeschoss.dnsalias.com\/wordpress\/wp-json\/wp\/v2\/media?parent=468"}],"wp:term":[{"taxonomy":"category","embeddable":true,"href":"http:\/\/dachgeschoss.dnsalias.com\/wordpress\/wp-json\/wp\/v2\/categories?post=468"},{"taxonomy":"post_tag","embeddable":true,"href":"http:\/\/dachgeschoss.dnsalias.com\/wordpress\/wp-json\/wp\/v2\/tags?post=468"}],"curies":[{"name":"wp","href":"https:\/\/api.w.org\/{rel}","templated":true}]}}