{"id":46,"date":"2011-03-01T21:00:00","date_gmt":"2011-03-01T20:00:00","guid":{"rendered":"http:\/\/192.168.3.11\/wordpress\/?p=46"},"modified":"2024-01-30T17:17:02","modified_gmt":"2024-01-30T16:17:02","slug":"um-den-finger-gewickelt","status":"publish","type":"post","link":"http:\/\/dachgeschoss.dnsalias.com\/wordpress\/2011\/03\/01\/um-den-finger-gewickelt\/","title":{"rendered":"Um den Finger gewickelt"},"content":{"rendered":"\n<p>Hallo Ihr Lieben,<\/p>\n\n\n\n<p>na genie\u00dft ihr auch das traumhafte Fr\u00fchlingswetter? Bei uns zwitschern schon richtig die V\u00f6gel. Es kommen Fr\u00fchlingsgef\u00fchle auf. So macht das Spazieren besonders Spa\u00df.&nbsp;<\/p>\n\n\n\n<p>Heute war \u00fcbrigens ein ganz sch\u00f6n aufregender Tag. Ich war im Kindergarten!! Da die Kindergartenpl\u00e4tze hier in der Umgebung sehr lange Wartezeiten haben, sucht meine Mama schon jetzt Kinderg\u00e4rten raus, die wir uns dann anschauen. Und heute sind Mama, Papa und ich zum ersten Mal zu einer Besichtigung gegangen. Ein sch\u00f6ner Kindergarten mit einer kleinen Krabbelgruppe von 10 Kindern von 0 bis 3 Jahren, die von insgesamt drei Erzieherinnen betreut werden. Also fast eine eigene Betreuerin f\u00fcr mich allein;-). Aber am meisten hat mir das Au\u00dfengel\u00e4nde gefallen. Ein sehr gro\u00dfer Garten mit vielen B\u00e4umen, Beeten, Buddelstellen und sogar einer Sommermatschgrube. Da wird Mama bzw. Papa viel W\u00e4sche zu waschen haben;-) Na ja, aber es gibt eben eine sehr lange Warteliste und so musste ich etwas nachhelfen. Immer wenn die Kindergartenleiterin im Gespr\u00e4ch mich angesprochen hat, habe ich ein L\u00e4cheln vom Feinsten aufgelegt. Und das hat sie so entz\u00fcckt, dass ihre Worte am Ende waren: &#8222;Machen sie sich mal keine Sorgen. Wir bekommen das schon hin.&#8220;Wenn mein Papa es nicht schafft, dann muss ich eben die Frauen um den Finger wickeln;-). Jedenfalls waren alle Betreuerinnen, die wir begr\u00fc\u00dft haben, ganz sch\u00f6n begeistert von mir. Das war so anstregend f\u00fcr mich, dass ich schon beim Rausgehen aus der T\u00fcr eingeschlafen bin. Das war harte Arbeit, aber ich habe es, glaube ich geschafft, dass sie uns in guter Erinnerung behalten ;-). Mal sehen, was die Zukunft bringt.<\/p>\n\n\n\n<p>Tja sonst ist alles tutti paletti bei uns. Nach dem meine Wolldeckenoma und Opa wieder abgereist sind, habe ich zum ersten Mal von 20 Uhr bis 5.30 Uhr durchgeschlafen ohne einen Muks. Meine Mama ist zwar jede Stunde aufgewacht, weil sie Angst hatte, dass mir was passiert ist, aber ich und mein Papa hatten einen erholsamen Schlaf. Das Erz\u00e4hlen klappt auch immer besser und am Wochenende habe ich zum ersten Mal erst mit Oma Ilona und sp\u00e4ter mit Oma Vroni und Opas Rudi telefoniert. Ich werde bestimmt mal genau so eine Quasselstrippe wie meine Mama. Aber es gibt ja zum Gl\u00fcck Flaterate;-). Und ich fange langsam meine Finger zu koordinieren. Wenn mein Papa mir seine H\u00e4nde hinstreckt, dann ist es sehr interessant sie zu ertasten. Nebenbei gesagt, die sind ganz sch\u00f6n rau. Aber zum Gl\u00fcck gibt es ja Wolldeckenoma, die uns Handcreme geschenkt hat;-).<\/p>\n\n\n\n<p>So jetzt muss ich aber wieder. Ich geh jetzt schlafen und vielleicht schlafe ich ja heute Nacht wieder durch&#8230;.<\/p>\n\n\n\n<p>Bis zu meinem 3 monatigen Geburtstag n\u00e4chste Woche.<\/p>\n\n\n\n<p>Heute (Freitag der 4.03.2011) ein kleiner Nachtrag bez\u00fcglich meines Gewichtes. Ich habe heute bei der Babymassage glatte 6245g gewogen. Kein Wunder, dass meine Mama langsam dicke Oberarme bekommt;-).<\/p>\n\n\n\n<p>Euer Mattes&nbsp;<\/p>\n\n\n\n<p>&nbsp;Bilder von Mattes aus dem M\u00e4rz 2011 findet ihr <a href=\"http:\/\/192.168.3.12\/photo\/photo_thumb.php?dir=4d61747465735f4d6165727a5f32303131\" target=\"_blank\" rel=\"noreferrer noopener\">hier<\/a>.<\/p>\n","protected":false},"excerpt":{"rendered":"<p>Hallo Ihr Lieben, na genie\u00dft ihr auch das traumhafte Fr\u00fchlingswetter? Bei uns zwitschern schon richtig die V\u00f6gel. Es kommen Fr\u00fchlingsgef\u00fchle auf. So macht das Spazieren besonders Spa\u00df.&nbsp; Heute war \u00fcbrigens ein ganz sch\u00f6n aufregender Tag. Ich war im Kindergarten!! Da die Kindergartenpl\u00e4tze hier in der Umgebung sehr lange Wartezeiten haben, sucht meine Mama schon jetzt &hellip; <a href=\"http:\/\/dachgeschoss.dnsalias.com\/wordpress\/2011\/03\/01\/um-den-finger-gewickelt\/\" class=\"more-link\"><span class=\"screen-reader-text\">Um den Finger gewickelt<\/span> weiterlesen <span class=\"meta-nav\">&rarr;<\/span><\/a><\/p>\n","protected":false},"author":1,"featured_media":0,"comment_status":"closed","ping_status":"","sticky":false,"template":"","format":"standard","meta":[],"categories":[1],"tags":[],"_links":{"self":[{"href":"http:\/\/dachgeschoss.dnsalias.com\/wordpress\/wp-json\/wp\/v2\/posts\/46"}],"collection":[{"href":"http:\/\/dachgeschoss.dnsalias.com\/wordpress\/wp-json\/wp\/v2\/posts"}],"about":[{"href":"http:\/\/dachgeschoss.dnsalias.com\/wordpress\/wp-json\/wp\/v2\/types\/post"}],"author":[{"embeddable":true,"href":"http:\/\/dachgeschoss.dnsalias.com\/wordpress\/wp-json\/wp\/v2\/users\/1"}],"replies":[{"embeddable":true,"href":"http:\/\/dachgeschoss.dnsalias.com\/wordpress\/wp-json\/wp\/v2\/comments?post=46"}],"version-history":[{"count":1,"href":"http:\/\/dachgeschoss.dnsalias.com\/wordpress\/wp-json\/wp\/v2\/posts\/46\/revisions"}],"predecessor-version":[{"id":47,"href":"http:\/\/dachgeschoss.dnsalias.com\/wordpress\/wp-json\/wp\/v2\/posts\/46\/revisions\/47"}],"wp:attachment":[{"href":"http:\/\/dachgeschoss.dnsalias.com\/wordpress\/wp-json\/wp\/v2\/media?parent=46"}],"wp:term":[{"taxonomy":"category","embeddable":true,"href":"http:\/\/dachgeschoss.dnsalias.com\/wordpress\/wp-json\/wp\/v2\/categories?post=46"},{"taxonomy":"post_tag","embeddable":true,"href":"http:\/\/dachgeschoss.dnsalias.com\/wordpress\/wp-json\/wp\/v2\/tags?post=46"}],"curies":[{"name":"wp","href":"https:\/\/api.w.org\/{rel}","templated":true}]}}