{"id":458,"date":"2017-10-16T22:04:00","date_gmt":"2017-10-16T20:04:00","guid":{"rendered":"http:\/\/192.168.3.11\/wordpress\/?p=458"},"modified":"2024-01-30T21:46:41","modified_gmt":"2024-01-30T20:46:41","slug":"die-ersten-schulferien-und-mehr","status":"publish","type":"post","link":"http:\/\/dachgeschoss.dnsalias.com\/wordpress\/2017\/10\/16\/die-ersten-schulferien-und-mehr\/","title":{"rendered":"Die ersten Schulferien und mehr&#8230;"},"content":{"rendered":"\n<p>Hall\u00f6chen Ihr Lieben,<\/p>\n\n\n\n<p>wir haben uns schon sehr lange nicht mehr geh\u00f6rt.<\/p>\n\n\n\n<p>Nachdem die ersten Schultage gut verlaufen sind, gab es nun endlich auch die ersten Ferien. Ich (Matti) habe mich riesig darauf gefreut. Die ersten Tage haben wir bei herrlichem Herbstwetter Kathrin in Marburg besucht und ihr mit ihrem Umzug zu uns ins Saarland geholfen. Wir sind sehr froh, dass Kathrin nun nur noch wenige km von uns entfernt wohnt;-). Sie hat bei Danis Geburtstag uns zum ersten Mal babygesittet;-)&#8230;.Wir lieben sie einfach!!!!<\/p>\n\n\n\n<p>Und dann ging es f\u00fcr 10 Tage auf nach Mallorca ein w enig Sonne tanken. Bei t\u00e4glichen Temperaturen \u00fcber 25 Grad war es wie ein zweiter Sommerurlaub. Wir haben eine tolle Zeit zu viert verbracht. Mama und Papa haben sogar einen Trainingstag im Beachcamp Mitte mitgemacht und konnten sich gef\u00fchlt den Rest des Urlaubs nicht mehr bewegen. Sonst haben wir viel gebadet und dabei tolle Fische und Seesterne gesehen, wir waren wandern (nach der 17km Tour hatten Matti und Ole keine Lust mehr), haben fast t\u00e4glich unser Familienfu\u00dfballspiel gespielt und haben uns das Essen im Hotel schmecken lassen&#8230;.Wir hatten einen sch\u00f6nen Urlaub und wahnsinnig viel Gl\u00fcck, dass wir mit Airberlin wieder p\u00fcnktlich zur\u00fcckgekommen sind.<\/p>\n\n\n\n<p>Heute war nun wieder der erste Schul- und Kindergartentag. Wir haben uns gefreut, all unsere Freunde wiederzusehen. Und ich Matti habe im Urlaub flei\u00dfig jeden Tag mit Mama lesen ge\u00fcbt und habe heute das zweite Arbeitsblatt mit 2 Sternen bekommen, auf dem eine kleine Geschichte drauf steht.<\/p>\n\n\n\n<p>Und ich Ole hatte heute meine U8 Untersuchung. Ich sollte erst mal etwas malen, n\u00e4mlich einen Kreis, ein Viereck und ein Kreuz. Den Kreis habe ich ganz gut hinbekommen, das Viereck war bei mir ein Kreis mit Zacken dran und beim Kreuz wusste ich nicht so richtig, was man von mir will. Ich habe eine etwas andere Kunstauffassung als die M\u00e4dels von der Praxis;-). Dann sollte ich noch einen Menschen malen und habe ein Selbstprotrait gezeichnet.Damit konnte ich wieder punkten. Dann wurde ich noch gemessen und bin mit meinen 99,1cm und 16kg genau in der Mitte. Mit anderen Worten es passt alles und \u00fcber Kunst kann man ja streiten. Zur Belohnung durfte ich mir nach dem Arztbesuch ein Pixibuch im Buchladen aussuchen.<\/p>\n\n\n\n<p>Das war es in K\u00fcrze von uns.<\/p>\n\n\n\n<p>Wir w\u00fcnschen Euch noch eine sch\u00f6ne Woche<\/p>\n\n\n\n<p>Bis bald Euer Ole und Euer Mattes<\/p>\n","protected":false},"excerpt":{"rendered":"<p>Hall\u00f6chen Ihr Lieben, wir haben uns schon sehr lange nicht mehr geh\u00f6rt. Nachdem die ersten Schultage gut verlaufen sind, gab es nun endlich auch die ersten Ferien. Ich (Matti) habe mich riesig darauf gefreut. Die ersten Tage haben wir bei herrlichem Herbstwetter Kathrin in Marburg besucht und ihr mit ihrem Umzug zu uns ins Saarland &hellip; <a href=\"http:\/\/dachgeschoss.dnsalias.com\/wordpress\/2017\/10\/16\/die-ersten-schulferien-und-mehr\/\" class=\"more-link\"><span class=\"screen-reader-text\">Die ersten Schulferien und mehr&#8230;<\/span> weiterlesen <span class=\"meta-nav\">&rarr;<\/span><\/a><\/p>\n","protected":false},"author":1,"featured_media":0,"comment_status":"closed","ping_status":"","sticky":false,"template":"","format":"standard","meta":[],"categories":[1],"tags":[],"_links":{"self":[{"href":"http:\/\/dachgeschoss.dnsalias.com\/wordpress\/wp-json\/wp\/v2\/posts\/458"}],"collection":[{"href":"http:\/\/dachgeschoss.dnsalias.com\/wordpress\/wp-json\/wp\/v2\/posts"}],"about":[{"href":"http:\/\/dachgeschoss.dnsalias.com\/wordpress\/wp-json\/wp\/v2\/types\/post"}],"author":[{"embeddable":true,"href":"http:\/\/dachgeschoss.dnsalias.com\/wordpress\/wp-json\/wp\/v2\/users\/1"}],"replies":[{"embeddable":true,"href":"http:\/\/dachgeschoss.dnsalias.com\/wordpress\/wp-json\/wp\/v2\/comments?post=458"}],"version-history":[{"count":1,"href":"http:\/\/dachgeschoss.dnsalias.com\/wordpress\/wp-json\/wp\/v2\/posts\/458\/revisions"}],"predecessor-version":[{"id":459,"href":"http:\/\/dachgeschoss.dnsalias.com\/wordpress\/wp-json\/wp\/v2\/posts\/458\/revisions\/459"}],"wp:attachment":[{"href":"http:\/\/dachgeschoss.dnsalias.com\/wordpress\/wp-json\/wp\/v2\/media?parent=458"}],"wp:term":[{"taxonomy":"category","embeddable":true,"href":"http:\/\/dachgeschoss.dnsalias.com\/wordpress\/wp-json\/wp\/v2\/categories?post=458"},{"taxonomy":"post_tag","embeddable":true,"href":"http:\/\/dachgeschoss.dnsalias.com\/wordpress\/wp-json\/wp\/v2\/tags?post=458"}],"curies":[{"name":"wp","href":"https:\/\/api.w.org\/{rel}","templated":true}]}}