{"id":456,"date":"2017-08-30T20:28:00","date_gmt":"2017-08-30T18:28:00","guid":{"rendered":"http:\/\/192.168.3.11\/wordpress\/?p=456"},"modified":"2024-01-30T21:45:52","modified_gmt":"2024-01-30T20:45:52","slug":"meine-einschulung-und-die-ersten-schultage","status":"publish","type":"post","link":"http:\/\/dachgeschoss.dnsalias.com\/wordpress\/2017\/08\/30\/meine-einschulung-und-die-ersten-schultage\/","title":{"rendered":"Meine Einschulung und die ersten Schultage"},"content":{"rendered":"\n<p>Hall\u00f6chen Ihr Lieben,<\/p>\n\n\n\n<p>am 16.8.2017, also vor genau 2 Wochen, war es endlich so weit! Ich (Matti) bin endlich zur Schule gekommen. Auf diesen Moment habe schon sooo ich lange gewartet.<\/p>\n\n\n\n<p>Am Morgen der Einschulung haben wir mit Oma und Opa Heinzelmann noch gem\u00fctlich gef\u00fchst\u00fcckt. Mama und Papa haben noch einige Sachen organisiert und zu 9.30 Uhr haben wir uns auf den Weg zur Dorfhalle gemacht. Die anderen Omas und Opas sind schon vorgegeangen, um einen guten Platz zu reservieren, nur leider hat dies nicht ganz so geklappt;-). Dann durften sich alle Einschulungskinder nach ihrem Herz sortiert auf die B\u00e4nke links und rechts der B\u00fchne setzen. Die gro\u00dfen Kinder haben uns dann einige Lieder vorgesungen, wobei bis auf eins alle auf Franz\u00f6sisch waren. Es gab noch eine Rede von der Schul- und Hortleitung und dann ging es mit unserer Lehererin Frau Venitz zum aller ersten Mal in unseren Klassenraum der Klasse 1b. Die Eltern und Gro\u00dfeltern haben in dieser Zeit bei Kaffee und Kuchen glatte 2 Stunden auf uns warten d\u00fcrfen. Mama und Papa haben die Gelegenheit genutzt um alle Formalit\u00e4ten der Hortbetreuung zu kl\u00e4ren. Nach dem Unterricht kam ich freudestrahlend im Eilschritt zu allen zur\u00fcck. Aber eigentlich war mein oberstes Ziel nur die Schult\u00fcte, die ich endlich in Empfang nehmen durfte.<\/p>\n\n\n\n<p>Zum Mittagessen waren wir in unserer Limbacher Scheune. Es gab f\u00fcr mich Eierkuchen mit Schokoladensauce mhm lecker. Nach diesem sehr anstrengenden Vormittag gab es f\u00fcr jeden eine kleine Pause und so haben wir uns erst gegen fr\u00fchen Abend wieder bei uns getroffen.Dank Fritz und Oma Vroni hatten wir ein sch\u00f6n Zelt was richtig toll ausgescgm\u00fcckt war. Und wir haben unseren Schwenker das erste Mal ausprobiert. Neben all dem sch\u00f6nen Essen gab es unz\u00e4hlige Geschenke von allen Omas, Opas und Nachbarn. Ich glaube der S\u00fc\u00dfigkeitenvorrat wird bis zu Oles Einschulung reichen;-).<\/p>\n\n\n\n<p>Tja und dann waren die wundersch\u00f6nen Tage mit allen auch schon fast vorbei. Es gab dicke Krokodilstr\u00e4nen, weil ich nicht wollte, dass alle wieder fahren. Zum Gl\u00fcck sind Oma und Opa Heinzelmann noch l\u00e4nger geblieben und haben mich in den ersten Schultagen etwas begleitet.<\/p>\n\n\n\n<p>Donnerstagmorgen war mein erster Schultag und Mama hat mich um 6.45 Uhr in der Fr\u00fchbetreuung als allererstes Kind abgegeben. Ich habe mich gleich hingesetzt und etwas zum Malen ausgepackt und fand es gar nicht schlimm, vielleicht ein wenig mulmig, aber das habe ich nicht gezeigt. Mama ging es da schon ganz anders, sie war den Tr\u00e4nen nahe als sie mich dort lassen musste. Ich hatte in den ersten beiden Tagen nur jeweils 5 Stunden und Oma und Opa Heizelmann haben mich gegen 13 Uhr vom Hort abgeholt. Oma hatte sogar vor gleich mit mir nach der Schule ins Schwimmbad zu gehen, aber ich wollte sofort nach Hause und meine ersten Hausaufgaben machen. Aber vorher habe ich noch meine Schuhe geputzt. Das mit den Hausaufgaben ist so geblieben, ich bin sehr bedacht darauf, die Hausaufgaben als&nbsp; aller erstes zu machen. Das mit dem Schuheputzen hat sich schon ge\u00e4ndert;-).<\/p>\n\n\n\n<p>Die ersten Tage waren sehr sch\u00f6n. Ich finde wir haben die allerbeste Lehrerin. Und \u00fcberhaupt finde ich, dass Schule das Wichtigste ist. Besonders Spa\u00df macht mir das Franz\u00f6sischlernen. Abends bringe ich Mama, papa und Ole die neuen W\u00f6rter bei. Und im Hort habe ich mich auch gut eingelebt. Sobald wir die Hausaufgaben erledigt haben, bin ich mit meinen Freunden am Fu\u00dfball spielen. Ich musste mich nat\u00fcrlich vor den Gro\u00dfen erst beweisen, aber dann wollten sie alle mit mir spielen.<\/p>\n\n\n\n<p>Leider sind Oma und Opa Heinzelmann auch wieder gefahren und so bin ich nun der allererste am Morgen und bin bis Nachmittags in der Hortbetreuung. Aber es gef\u00e4llt mir sehr und ich falle jeden Tag hundm\u00fcde ins Bett.<\/p>\n\n\n\n<p>Und Ole geht es ohne mich im Kindergarten auch sehr gut. Wir freuen uns aber wahnsinnig, wenn wir uns am Abend wiedersehen.<\/p>\n\n\n\n<p>So das war es erst einmal in K\u00fcrze. Die n\u00e4chsten Wochen bleiben spannend.<\/p>\n\n\n\n<p>Bis bald<\/p>\n\n\n\n<p>Euer Ole und Euer Mattes<\/p>\n","protected":false},"excerpt":{"rendered":"<p>Hall\u00f6chen Ihr Lieben, am 16.8.2017, also vor genau 2 Wochen, war es endlich so weit! Ich (Matti) bin endlich zur Schule gekommen. Auf diesen Moment habe schon sooo ich lange gewartet. Am Morgen der Einschulung haben wir mit Oma und Opa Heinzelmann noch gem\u00fctlich gef\u00fchst\u00fcckt. Mama und Papa haben noch einige Sachen organisiert und zu &hellip; <a href=\"http:\/\/dachgeschoss.dnsalias.com\/wordpress\/2017\/08\/30\/meine-einschulung-und-die-ersten-schultage\/\" class=\"more-link\"><span class=\"screen-reader-text\">Meine Einschulung und die ersten Schultage<\/span> weiterlesen <span class=\"meta-nav\">&rarr;<\/span><\/a><\/p>\n","protected":false},"author":1,"featured_media":0,"comment_status":"closed","ping_status":"","sticky":false,"template":"","format":"standard","meta":[],"categories":[1],"tags":[],"_links":{"self":[{"href":"http:\/\/dachgeschoss.dnsalias.com\/wordpress\/wp-json\/wp\/v2\/posts\/456"}],"collection":[{"href":"http:\/\/dachgeschoss.dnsalias.com\/wordpress\/wp-json\/wp\/v2\/posts"}],"about":[{"href":"http:\/\/dachgeschoss.dnsalias.com\/wordpress\/wp-json\/wp\/v2\/types\/post"}],"author":[{"embeddable":true,"href":"http:\/\/dachgeschoss.dnsalias.com\/wordpress\/wp-json\/wp\/v2\/users\/1"}],"replies":[{"embeddable":true,"href":"http:\/\/dachgeschoss.dnsalias.com\/wordpress\/wp-json\/wp\/v2\/comments?post=456"}],"version-history":[{"count":1,"href":"http:\/\/dachgeschoss.dnsalias.com\/wordpress\/wp-json\/wp\/v2\/posts\/456\/revisions"}],"predecessor-version":[{"id":457,"href":"http:\/\/dachgeschoss.dnsalias.com\/wordpress\/wp-json\/wp\/v2\/posts\/456\/revisions\/457"}],"wp:attachment":[{"href":"http:\/\/dachgeschoss.dnsalias.com\/wordpress\/wp-json\/wp\/v2\/media?parent=456"}],"wp:term":[{"taxonomy":"category","embeddable":true,"href":"http:\/\/dachgeschoss.dnsalias.com\/wordpress\/wp-json\/wp\/v2\/categories?post=456"},{"taxonomy":"post_tag","embeddable":true,"href":"http:\/\/dachgeschoss.dnsalias.com\/wordpress\/wp-json\/wp\/v2\/tags?post=456"}],"curies":[{"name":"wp","href":"https:\/\/api.w.org\/{rel}","templated":true}]}}