{"id":448,"date":"2017-07-10T21:14:00","date_gmt":"2017-07-10T19:14:00","guid":{"rendered":"http:\/\/192.168.3.11\/wordpress\/?p=448"},"modified":"2024-01-30T21:42:28","modified_gmt":"2024-01-30T20:42:28","slug":"ein-tolles-kindergartenfest","status":"publish","type":"post","link":"http:\/\/dachgeschoss.dnsalias.com\/wordpress\/2017\/07\/10\/ein-tolles-kindergartenfest\/","title":{"rendered":"Ein tolles Kindergartenfest"},"content":{"rendered":"\n<p>Hall\u00f6chen Ihr Lieben,<\/p>\n\n\n\n<p>hinter uns liegt ein sehr sch\u00f6nes Wochenende. Wir waren n\u00e4mlich am Samstagvormittag auf unserem Kindergarten-Ritterfest. Es stand ganz im Zeichen von Martin Luther und so wurde das Fest mit der Geschichte zu Martin Luther er\u00f6ffnet. Auch hier hatte ich Matti wieder mal keine Lust an der musikalischen Untermalung mitzumachen. Dann wurde unsere K\u00fcchenrosi mit gaaaanz vielen Rosen verabschiedet und dann ging es an die Ritterspiele. Mama und Papa haben den Sackh\u00fcpfstand betreut. Das war f\u00fcr uns alle sehr lustig. Nat\u00fcrlich haben sie es sich nicht nehmen lassen, selbst um die Wette zu h\u00fcpfen. Und Kinderbier (Malzbier) gab es. Darauf haben wir uns vorher sooo gefreut und dann hat es uns am Ende doch nicht so richtig geschmeckt;-(. Daf\u00fcr waren die W\u00fcrstchen und das selbstgemachte Popcorn um so besser. Es war ein richtig sch\u00f6ner Vormittag!<\/p>\n\n\n\n<p>Den Rest des Wochenendes haben wir gr\u00f6\u00dftenteils im Schwimmbad verbracht. Ach ja und ich Ole habe endlich Aufsteigen aufs Fahhrad gelernt. Nun kann ich ganz allein auf und absteigen und keiner braucht mir mehr zu helfen. Ich bin m\u00e4chtig stolz auf mich!!!!<\/p>\n\n\n\n<p>So und nun w\u00fcnschen wir Euch eine sch\u00f6ne Woche!<\/p>\n\n\n\n<p>Euer Ole und Euer Mattes<\/p>\n","protected":false},"excerpt":{"rendered":"<p>Hall\u00f6chen Ihr Lieben, hinter uns liegt ein sehr sch\u00f6nes Wochenende. Wir waren n\u00e4mlich am Samstagvormittag auf unserem Kindergarten-Ritterfest. Es stand ganz im Zeichen von Martin Luther und so wurde das Fest mit der Geschichte zu Martin Luther er\u00f6ffnet. Auch hier hatte ich Matti wieder mal keine Lust an der musikalischen Untermalung mitzumachen. Dann wurde unsere &hellip; <a href=\"http:\/\/dachgeschoss.dnsalias.com\/wordpress\/2017\/07\/10\/ein-tolles-kindergartenfest\/\" class=\"more-link\"><span class=\"screen-reader-text\">Ein tolles Kindergartenfest<\/span> weiterlesen <span class=\"meta-nav\">&rarr;<\/span><\/a><\/p>\n","protected":false},"author":1,"featured_media":0,"comment_status":"closed","ping_status":"","sticky":false,"template":"","format":"standard","meta":[],"categories":[1],"tags":[],"_links":{"self":[{"href":"http:\/\/dachgeschoss.dnsalias.com\/wordpress\/wp-json\/wp\/v2\/posts\/448"}],"collection":[{"href":"http:\/\/dachgeschoss.dnsalias.com\/wordpress\/wp-json\/wp\/v2\/posts"}],"about":[{"href":"http:\/\/dachgeschoss.dnsalias.com\/wordpress\/wp-json\/wp\/v2\/types\/post"}],"author":[{"embeddable":true,"href":"http:\/\/dachgeschoss.dnsalias.com\/wordpress\/wp-json\/wp\/v2\/users\/1"}],"replies":[{"embeddable":true,"href":"http:\/\/dachgeschoss.dnsalias.com\/wordpress\/wp-json\/wp\/v2\/comments?post=448"}],"version-history":[{"count":1,"href":"http:\/\/dachgeschoss.dnsalias.com\/wordpress\/wp-json\/wp\/v2\/posts\/448\/revisions"}],"predecessor-version":[{"id":449,"href":"http:\/\/dachgeschoss.dnsalias.com\/wordpress\/wp-json\/wp\/v2\/posts\/448\/revisions\/449"}],"wp:attachment":[{"href":"http:\/\/dachgeschoss.dnsalias.com\/wordpress\/wp-json\/wp\/v2\/media?parent=448"}],"wp:term":[{"taxonomy":"category","embeddable":true,"href":"http:\/\/dachgeschoss.dnsalias.com\/wordpress\/wp-json\/wp\/v2\/categories?post=448"},{"taxonomy":"post_tag","embeddable":true,"href":"http:\/\/dachgeschoss.dnsalias.com\/wordpress\/wp-json\/wp\/v2\/tags?post=448"}],"curies":[{"name":"wp","href":"https:\/\/api.w.org\/{rel}","templated":true}]}}