{"id":446,"date":"2017-07-10T08:46:00","date_gmt":"2017-07-10T06:46:00","guid":{"rendered":"http:\/\/192.168.3.11\/wordpress\/?p=446"},"modified":"2024-01-30T21:41:46","modified_gmt":"2024-01-30T20:41:46","slug":"ich-zeig-es-den-grossen","status":"publish","type":"post","link":"http:\/\/dachgeschoss.dnsalias.com\/wordpress\/2017\/07\/10\/ich-zeig-es-den-grossen\/","title":{"rendered":"Ich zeig es den Gro\u00dfen"},"content":{"rendered":"\n<p>Hall\u00f6chen Ihr Lieben,<\/p>\n\n\n\n<p>ich Ole habe ja jetzt mein Seepferdchen und darf damit in der Schwimmgruppe aufsteigen. Ich bin jetzt in der Gruppe, die Matti im Fr\u00fchjahr verlassen hat. Am Mittwoch war mein erster Schwimmtag. Die beiden Jungs waren 1,5 K\u00f6pfe gr\u00f6\u00dfer als ich und konnten richtig gut schwimmen. Das kann ich aber auch!!!<\/p>\n\n\n\n<p>Bis jetzt bin ich erst 2 x 14m am St\u00fcck geschwommen und in einer Schwimmstunde habe ich maximal 9 Bahnen (teilweise mit Brettchen) geschafft. Aber jetzt habe ich mal gezeigt, was ich wirklich drauf habe. Motiviert von den Gro\u00dfen habe ich zum Einschwimmen gleich mal 16 Bahnen zur\u00fcckgelegt. Auch wenn Susanne oder Papa am Rand gesagt haben, ich solle mal Luft holen, habe ich gleich die n\u00e4chste Bahn gestartet.<\/p>\n\n\n\n<p>Nach dem Einschwimmen ging es an \u00dcbungen mit dem Brettchen (6 Bahnen) und dann noch Springen vom Beckenrand und Ringetauchen. &#8222;Das muss doch jetzt f\u00fcr den Seer\u00e4uber gereicht haben! Nein? Dann n\u00e4chstes Mal!&#8220;<\/p>\n\n\n\n<p>Bis dahin<\/p>\n\n\n\n<p>Tsch\u00fc\u00df<\/p>\n","protected":false},"excerpt":{"rendered":"<p>Hall\u00f6chen Ihr Lieben, ich Ole habe ja jetzt mein Seepferdchen und darf damit in der Schwimmgruppe aufsteigen. Ich bin jetzt in der Gruppe, die Matti im Fr\u00fchjahr verlassen hat. Am Mittwoch war mein erster Schwimmtag. Die beiden Jungs waren 1,5 K\u00f6pfe gr\u00f6\u00dfer als ich und konnten richtig gut schwimmen. Das kann ich aber auch!!! Bis &hellip; <a href=\"http:\/\/dachgeschoss.dnsalias.com\/wordpress\/2017\/07\/10\/ich-zeig-es-den-grossen\/\" class=\"more-link\"><span class=\"screen-reader-text\">Ich zeig es den Gro\u00dfen<\/span> weiterlesen <span class=\"meta-nav\">&rarr;<\/span><\/a><\/p>\n","protected":false},"author":1,"featured_media":0,"comment_status":"closed","ping_status":"","sticky":false,"template":"","format":"standard","meta":[],"categories":[1],"tags":[],"_links":{"self":[{"href":"http:\/\/dachgeschoss.dnsalias.com\/wordpress\/wp-json\/wp\/v2\/posts\/446"}],"collection":[{"href":"http:\/\/dachgeschoss.dnsalias.com\/wordpress\/wp-json\/wp\/v2\/posts"}],"about":[{"href":"http:\/\/dachgeschoss.dnsalias.com\/wordpress\/wp-json\/wp\/v2\/types\/post"}],"author":[{"embeddable":true,"href":"http:\/\/dachgeschoss.dnsalias.com\/wordpress\/wp-json\/wp\/v2\/users\/1"}],"replies":[{"embeddable":true,"href":"http:\/\/dachgeschoss.dnsalias.com\/wordpress\/wp-json\/wp\/v2\/comments?post=446"}],"version-history":[{"count":1,"href":"http:\/\/dachgeschoss.dnsalias.com\/wordpress\/wp-json\/wp\/v2\/posts\/446\/revisions"}],"predecessor-version":[{"id":447,"href":"http:\/\/dachgeschoss.dnsalias.com\/wordpress\/wp-json\/wp\/v2\/posts\/446\/revisions\/447"}],"wp:attachment":[{"href":"http:\/\/dachgeschoss.dnsalias.com\/wordpress\/wp-json\/wp\/v2\/media?parent=446"}],"wp:term":[{"taxonomy":"category","embeddable":true,"href":"http:\/\/dachgeschoss.dnsalias.com\/wordpress\/wp-json\/wp\/v2\/categories?post=446"},{"taxonomy":"post_tag","embeddable":true,"href":"http:\/\/dachgeschoss.dnsalias.com\/wordpress\/wp-json\/wp\/v2\/tags?post=446"}],"curies":[{"name":"wp","href":"https:\/\/api.w.org\/{rel}","templated":true}]}}