{"id":440,"date":"2017-06-21T20:25:00","date_gmt":"2017-06-21T18:25:00","guid":{"rendered":"http:\/\/192.168.3.11\/wordpress\/?p=440"},"modified":"2024-01-30T21:39:38","modified_gmt":"2024-01-30T20:39:38","slug":"sommeranfang-und-seepferdchen","status":"publish","type":"post","link":"http:\/\/dachgeschoss.dnsalias.com\/wordpress\/2017\/06\/21\/sommeranfang-und-seepferdchen\/","title":{"rendered":"Sommeranfang und Seepferdchen"},"content":{"rendered":"\n<p>Hall\u00f6chen Ihr Lieben,<\/p>\n\n\n\n<p>schon wieder ist es mal wieder eine Weile her, dass wir uns bei Euch gemeldet haben.<\/p>\n\n\n\n<p>Wir haben \u00fcber Pfingsten eigentlich unsere Tradition in die Schweiz zu Chichy und Hape zu fahren, fortf\u00fchren wollen. Jedoch war zu der Zeit Land unter mit Regen und Hagel, so dass sich die zwei mit Simona auf den Weg zu uns gemacht haben.Und es war ein wundersch\u00f6nes Wochenende mit Baden im Schwimmbad, einem sch\u00f6nen Waldspaziergang im Homburger Wald, Grillen und einem Spieleabend der Erwachsenen&#8230; Kurz um keiner kam zu kurz und alle haben sich gut erholt. Ich Matti und Ole waren von der kleinen Simona ganz begeistert und wir hatten viel Spa\u00df zusammen.<\/p>\n\n\n\n<p>Doch die Sehnsucht nach der Scweiz hat uns nicht losgelassen, so dass wir Mamas Dienstfrei letzte Woche spontan genutzt haben und uns auf den Weg in die Schweiz nach Thun gemacht haben. Ganze 8h haben wir f\u00fcr die 380km lange Strecke gebraucht. Bereits im Nachbarort standen wir 2h fast ganz still. Doch uns M\u00e4nner hat es gar nicht gest\u00f6rt. Wir genie\u00dfen es im Auto zu lesen, raus zu gucken oder CDs zu h\u00f6ren. Nur Mama war estwas n\u00f6rgelig;-). Die Fahrt hat sich jedoch sehr gelohnt. Allein der Sonnenuntergang am Thuner See war einfach herrlich. Auch das Wochenende haben wir ganz gem\u00fctlich mit allen verbracht. Vielen lieben Dank an Chichy und Hape f\u00fcr die tolle Zeit!<\/p>\n\n\n\n<p>Es gibt auch sonst einige Neuigkeiten. Passend zum Sommeranfang heute habe ich Ole endlich mein lang ersehntes Seepferdchen gemacht. Ich bin heute im Schwimmkurs so gut eingeschwommen, dass sich Susanne meine Schwimmlehrerein, ohne dass sie es mir vorher gesagt hat, die Aufgaben f\u00fcr das Seepferdchen machen lassen hat. Echt soooo toll!!!!! Papa und Matti waren auch dabei und waren genau wie ich m\u00e4chtig stolz. Zur Feier des Tages gab es von Mama selbstgemachte Pizza und danach sind wir noch einmal ins Schwimmbad. Ich bin heute das erste Mal vom Startblock gesprungen. Erst habe ich mich ja nicht getraut. Doch dann habe ich Matti und die anderen gro\u00dfen Jungs beobachtet und einfach alles nachgemacht. Vorher bin ich mit Papa extra noch mal zum Bademeister vorbei und habe ihm mein Seepferdchen gezeigt, damit er wei\u00df, dass ich ab jetzt auch ins tiefe Wasser und vom Turm springen darf. Am Ende gab es ausnahmsweise noch ein Colaeis f\u00fcr alle!! Das war ein echt wundersch\u00f6ner Tag!!!!<\/p>\n\n\n\n<p>Ach und ich Matti kann seit einer Woche einen Salto ins Wasser machen. Damit kann ich schon ganz sch\u00f6n die M\u00e4dels beeindrucken;-).<\/p>\n\n\n\n<p>So das war es in K\u00fcrze von uns. Genie\u00dft das tolle Sommerwetter&#8230;<\/p>\n\n\n\n<p>Bis bald<\/p>\n\n\n\n<p>Euer Ole und Euer Mattes<\/p>\n","protected":false},"excerpt":{"rendered":"<p>Hall\u00f6chen Ihr Lieben, schon wieder ist es mal wieder eine Weile her, dass wir uns bei Euch gemeldet haben. Wir haben \u00fcber Pfingsten eigentlich unsere Tradition in die Schweiz zu Chichy und Hape zu fahren, fortf\u00fchren wollen. Jedoch war zu der Zeit Land unter mit Regen und Hagel, so dass sich die zwei mit Simona &hellip; <a href=\"http:\/\/dachgeschoss.dnsalias.com\/wordpress\/2017\/06\/21\/sommeranfang-und-seepferdchen\/\" class=\"more-link\"><span class=\"screen-reader-text\">Sommeranfang und Seepferdchen<\/span> weiterlesen <span class=\"meta-nav\">&rarr;<\/span><\/a><\/p>\n","protected":false},"author":1,"featured_media":0,"comment_status":"closed","ping_status":"","sticky":false,"template":"","format":"standard","meta":[],"categories":[1],"tags":[],"_links":{"self":[{"href":"http:\/\/dachgeschoss.dnsalias.com\/wordpress\/wp-json\/wp\/v2\/posts\/440"}],"collection":[{"href":"http:\/\/dachgeschoss.dnsalias.com\/wordpress\/wp-json\/wp\/v2\/posts"}],"about":[{"href":"http:\/\/dachgeschoss.dnsalias.com\/wordpress\/wp-json\/wp\/v2\/types\/post"}],"author":[{"embeddable":true,"href":"http:\/\/dachgeschoss.dnsalias.com\/wordpress\/wp-json\/wp\/v2\/users\/1"}],"replies":[{"embeddable":true,"href":"http:\/\/dachgeschoss.dnsalias.com\/wordpress\/wp-json\/wp\/v2\/comments?post=440"}],"version-history":[{"count":1,"href":"http:\/\/dachgeschoss.dnsalias.com\/wordpress\/wp-json\/wp\/v2\/posts\/440\/revisions"}],"predecessor-version":[{"id":441,"href":"http:\/\/dachgeschoss.dnsalias.com\/wordpress\/wp-json\/wp\/v2\/posts\/440\/revisions\/441"}],"wp:attachment":[{"href":"http:\/\/dachgeschoss.dnsalias.com\/wordpress\/wp-json\/wp\/v2\/media?parent=440"}],"wp:term":[{"taxonomy":"category","embeddable":true,"href":"http:\/\/dachgeschoss.dnsalias.com\/wordpress\/wp-json\/wp\/v2\/categories?post=440"},{"taxonomy":"post_tag","embeddable":true,"href":"http:\/\/dachgeschoss.dnsalias.com\/wordpress\/wp-json\/wp\/v2\/tags?post=440"}],"curies":[{"name":"wp","href":"https:\/\/api.w.org\/{rel}","templated":true}]}}