{"id":436,"date":"2017-04-24T22:08:00","date_gmt":"2017-04-24T20:08:00","guid":{"rendered":"http:\/\/192.168.3.11\/wordpress\/?p=436"},"modified":"2024-01-30T21:37:47","modified_gmt":"2024-01-30T20:37:47","slug":"ostern-und-papas-geburtstag","status":"publish","type":"post","link":"http:\/\/dachgeschoss.dnsalias.com\/wordpress\/2017\/04\/24\/ostern-und-papas-geburtstag\/","title":{"rendered":"Ostern und Papas Geburtstag"},"content":{"rendered":"\n<p>Hall\u00f6chen Ihr Lieben,<\/p>\n\n\n\n<p>wir melden uns mal wieder nach den zahlreichen Ereignissen der letzten Tage.<\/p>\n\n\n\n<p>Wir hatten die letzte Woche Besuch von Oma Vroni und Opa Rudi aus Berlin. Und wie immer war es eine sehr aktive und sch\u00f6ne Zeit. Wir sind ganze 18 km geskatet bzw. Ole und ich sind Fahhrad gefahren und alle anderen sind geskatet. Ich habe \u00fcbrigens jetzt ein richtiges Rennrad und bin sooo stolz darauf. Sogar mit Triathlonlenker;-). Und ich (Ole) kann jetzt dank Opa Rudi ganz allein von meinem viel zu gro\u00dfen Fahrrad abspringen und muss mich nicht mehr fallen lassen. Dann waren wir noch Tennis spielen, haben Heidelberg besucht, haben Lagerfeuer mit Stockbrot gemacht und haben ganz viel morgens im Bett mit Oma und Opa gekuschelt und Buch gelesen. Es waren sch\u00f6ne Tage.<\/p>\n\n\n\n<p>Und gestern hatte Papa Geburtstag. Daf\u00fcr sind wir zu dritt nat\u00fcrlich ohne Papa einkaufen gegangen und haben neben den Zutaten f\u00fcr den obligatorischen K\u00e4sekuchen noch Zutaten f\u00fcr Raclette gekauft, denn Mama hat eine kleine \u00dcberraschungsfeier am Samstagabend mit Olli und Danni f\u00fcr Papa geplant. Und das geheim zu halten war f\u00fcr uns alle gar nicht so einfach;-). Am Ende hat sich Papa riesig gefreut&#8230;..Und am n\u00e4chsten Tag haben wir ganz fr\u00fch morgens (6Uhr) begonnen alles f\u00fcr den Geburtstagstisch vorzubereiten&#8230;.Ich habe ihm ganz tolle Bilder geschenkt. Am Nachmittag hatten wir so sch\u00f6nes Wetter, dass wir auf der Stra\u00dfe gespielt haben und irgendwie hat sich dabei rumgesprochen, dass Papa Geburtstag hat. Am Ende sa\u00dfen einige Leute von unserem Zimmerplatz vor Johann und Galinas Haus und haben die Abendsonne mit typisch russischem Essen genossen;-). Das war sooo sch\u00f6n&#8230;..<\/p>\n\n\n\n<p>Tja, dass war es in K\u00fcrze von uns.<\/p>\n\n\n\n<p>Wir w\u00fcnschen Euch noch eine sch\u00f6ne Woche!<\/p>\n\n\n\n<p>Bis bald Euer Ole und Euer Mattes<\/p>\n","protected":false},"excerpt":{"rendered":"<p>Hall\u00f6chen Ihr Lieben, wir melden uns mal wieder nach den zahlreichen Ereignissen der letzten Tage. Wir hatten die letzte Woche Besuch von Oma Vroni und Opa Rudi aus Berlin. Und wie immer war es eine sehr aktive und sch\u00f6ne Zeit. Wir sind ganze 18 km geskatet bzw. Ole und ich sind Fahhrad gefahren und alle &hellip; <a href=\"http:\/\/dachgeschoss.dnsalias.com\/wordpress\/2017\/04\/24\/ostern-und-papas-geburtstag\/\" class=\"more-link\"><span class=\"screen-reader-text\">Ostern und Papas Geburtstag<\/span> weiterlesen <span class=\"meta-nav\">&rarr;<\/span><\/a><\/p>\n","protected":false},"author":1,"featured_media":0,"comment_status":"closed","ping_status":"","sticky":false,"template":"","format":"standard","meta":[],"categories":[1],"tags":[],"_links":{"self":[{"href":"http:\/\/dachgeschoss.dnsalias.com\/wordpress\/wp-json\/wp\/v2\/posts\/436"}],"collection":[{"href":"http:\/\/dachgeschoss.dnsalias.com\/wordpress\/wp-json\/wp\/v2\/posts"}],"about":[{"href":"http:\/\/dachgeschoss.dnsalias.com\/wordpress\/wp-json\/wp\/v2\/types\/post"}],"author":[{"embeddable":true,"href":"http:\/\/dachgeschoss.dnsalias.com\/wordpress\/wp-json\/wp\/v2\/users\/1"}],"replies":[{"embeddable":true,"href":"http:\/\/dachgeschoss.dnsalias.com\/wordpress\/wp-json\/wp\/v2\/comments?post=436"}],"version-history":[{"count":1,"href":"http:\/\/dachgeschoss.dnsalias.com\/wordpress\/wp-json\/wp\/v2\/posts\/436\/revisions"}],"predecessor-version":[{"id":437,"href":"http:\/\/dachgeschoss.dnsalias.com\/wordpress\/wp-json\/wp\/v2\/posts\/436\/revisions\/437"}],"wp:attachment":[{"href":"http:\/\/dachgeschoss.dnsalias.com\/wordpress\/wp-json\/wp\/v2\/media?parent=436"}],"wp:term":[{"taxonomy":"category","embeddable":true,"href":"http:\/\/dachgeschoss.dnsalias.com\/wordpress\/wp-json\/wp\/v2\/categories?post=436"},{"taxonomy":"post_tag","embeddable":true,"href":"http:\/\/dachgeschoss.dnsalias.com\/wordpress\/wp-json\/wp\/v2\/tags?post=436"}],"curies":[{"name":"wp","href":"https:\/\/api.w.org\/{rel}","templated":true}]}}