{"id":42,"date":"2011-02-15T09:20:00","date_gmt":"2011-02-15T08:20:00","guid":{"rendered":"http:\/\/192.168.3.11\/wordpress\/?p=42"},"modified":"2024-01-30T17:15:03","modified_gmt":"2024-01-30T16:15:03","slug":"die-erde-bebt-und-ich-habe-genullt","status":"publish","type":"post","link":"http:\/\/dachgeschoss.dnsalias.com\/wordpress\/2011\/02\/15\/die-erde-bebt-und-ich-habe-genullt\/","title":{"rendered":"Die Erde bebt und ich habe genullt"},"content":{"rendered":"\n<p>Hallo Ihr Lieben,<\/p>\n\n\n\n<p>ich habe heute zum ersten Mal zumindestens in der Wochenzahl genullt. 10 Wochen und 5820g klingt schon ganz sch\u00f6n alt und schwer.<\/p>\n\n\n\n<p>Nun ihr wundert euch bestimmt, warum schon seit einigen Tagen keine Bilder mehr von mir hochgeladen wurden? Das liegt leider daran, dass ich mich doch bei meiner Mama angesteckt habe. Ich bin seit dem Wochenende stark erk\u00e4ltet. Husten, der mir den Schlaf raubt und eine verstopfte Nase, die mir das Trinken zur Qual macht :-(. Das ist verdammt unangenehm f\u00fcr uns alle. Aber ich bin dank Kochsalzl\u00f6sungen (danke liebe Jenny) f\u00fcr die Nase, Babynasentropfen (danke lieber Janto) und viel Geduld meiner Eltern auf dem Weg der Besserung. Ich muss doch fitt sein, wenn ich morgen meine Urgro\u00dfeltern zum ersten Mal vom Bahnhof abhole;-).&nbsp;<\/p>\n\n\n\n<p>Wir haben \u00fcbrigens gestern die Erde f\u00fcr 80 sec. beben gemerkt. Gegen 13.45 Uhr hat pl\u00f6tzlich unser Dach angefangen zu knarren und die Lampen an der Decke zu wackeln. Meine Mama war so panisch, dass sie kurz davor war, mich zu schnappen und aus dem Haus zu rennen (unser Haus ist in einem so &#8222;gutem&#8220; Zustand, dass es bestimmt das erste w\u00e4re, was in sich zusammenf\u00e4llt). Das sind Instinkte ;-), denn dass es ein Erdbeben der St\u00e4rke 4,4 auf der Richterskala war, haben wir erst im Nachhinein erfahren. 80 sec. k\u00f6nnen einem verdammt lange vorkommen.<\/p>\n\n\n\n<p>Das sind so die neusten Neuigkeiten von uns. So ich gehe jetzt wieder schlafen und erhole mich von der anstrengenden Nacht. Euch allen eine gute Woche bis zum n\u00e4chsten Mal.<\/p>\n\n\n\n<p>&nbsp;Liebe Gr\u00fc\u00dfe<\/p>\n\n\n\n<p>Euer Mattes<\/p>\n","protected":false},"excerpt":{"rendered":"<p>Hallo Ihr Lieben, ich habe heute zum ersten Mal zumindestens in der Wochenzahl genullt. 10 Wochen und 5820g klingt schon ganz sch\u00f6n alt und schwer. Nun ihr wundert euch bestimmt, warum schon seit einigen Tagen keine Bilder mehr von mir hochgeladen wurden? Das liegt leider daran, dass ich mich doch bei meiner Mama angesteckt habe. &hellip; <a href=\"http:\/\/dachgeschoss.dnsalias.com\/wordpress\/2011\/02\/15\/die-erde-bebt-und-ich-habe-genullt\/\" class=\"more-link\"><span class=\"screen-reader-text\">Die Erde bebt und ich habe genullt<\/span> weiterlesen <span class=\"meta-nav\">&rarr;<\/span><\/a><\/p>\n","protected":false},"author":1,"featured_media":0,"comment_status":"closed","ping_status":"","sticky":false,"template":"","format":"standard","meta":[],"categories":[1],"tags":[],"_links":{"self":[{"href":"http:\/\/dachgeschoss.dnsalias.com\/wordpress\/wp-json\/wp\/v2\/posts\/42"}],"collection":[{"href":"http:\/\/dachgeschoss.dnsalias.com\/wordpress\/wp-json\/wp\/v2\/posts"}],"about":[{"href":"http:\/\/dachgeschoss.dnsalias.com\/wordpress\/wp-json\/wp\/v2\/types\/post"}],"author":[{"embeddable":true,"href":"http:\/\/dachgeschoss.dnsalias.com\/wordpress\/wp-json\/wp\/v2\/users\/1"}],"replies":[{"embeddable":true,"href":"http:\/\/dachgeschoss.dnsalias.com\/wordpress\/wp-json\/wp\/v2\/comments?post=42"}],"version-history":[{"count":1,"href":"http:\/\/dachgeschoss.dnsalias.com\/wordpress\/wp-json\/wp\/v2\/posts\/42\/revisions"}],"predecessor-version":[{"id":43,"href":"http:\/\/dachgeschoss.dnsalias.com\/wordpress\/wp-json\/wp\/v2\/posts\/42\/revisions\/43"}],"wp:attachment":[{"href":"http:\/\/dachgeschoss.dnsalias.com\/wordpress\/wp-json\/wp\/v2\/media?parent=42"}],"wp:term":[{"taxonomy":"category","embeddable":true,"href":"http:\/\/dachgeschoss.dnsalias.com\/wordpress\/wp-json\/wp\/v2\/categories?post=42"},{"taxonomy":"post_tag","embeddable":true,"href":"http:\/\/dachgeschoss.dnsalias.com\/wordpress\/wp-json\/wp\/v2\/tags?post=42"}],"curies":[{"name":"wp","href":"https:\/\/api.w.org\/{rel}","templated":true}]}}