{"id":418,"date":"2016-12-08T21:26:00","date_gmt":"2016-12-08T20:26:00","guid":{"rendered":"http:\/\/192.168.3.11\/wordpress\/?p=418"},"modified":"2024-01-30T21:30:45","modified_gmt":"2024-01-30T20:30:45","slug":"6-jahre-bin-ich-nun-alt","status":"publish","type":"post","link":"http:\/\/dachgeschoss.dnsalias.com\/wordpress\/2016\/12\/08\/6-jahre-bin-ich-nun-alt\/","title":{"rendered":"6 Jahre bin ich nun alt!"},"content":{"rendered":"\n<p>Hall\u00f6chen Ihr Lieben,<\/p>\n\n\n\n<p>nun war es endlich soweit.<\/p>\n\n\n\n<p>Vorgestern haben wir am Morgen unsere gut geputzen Stiefel mit gaaaanz viel S\u00fc\u00dfem, N\u00fcssen und Obst gef\u00fcllt gefunden. Und wir haben jeder eine Rennfahrerm\u00fctze geschenkt bekommen. Ole war am Abend davor ganz sch\u00f6n bockig und Mama und Papa haben gemeint, dass er wohl dann eine Rute geschenkt bekommen wird. Aber das hat sich der Nikoluas dann wohl doch anders \u00fcberlegt;-). Auf jeden Fall hat Ole dann am Morgen mit einem L\u00e4cheln gemeint:&#8220; Siehst du Mama ich habe soviel bekommen, weil ich gestern bockig war&#8230;&#8220; Na ja, Ole ist eben ein richtiger Schlurie. Leider konnten wir beide am Nikolaustag nicht in die Kita, da wir beide ganz sch\u00f6n erk\u00e4ltet sind und Fieber haben. Mama hatte an diesem Tag frei und so haben wir einen sch\u00f6nen Tag mit Mama verbracht. Wir haben am Nachmittag sogar Muffins f\u00fcr die Geburtstagsfeier in der Kita gebacken. Der Teig hat echt lecker geschmeckt und Mama musste zusehen, dass er noch f\u00fcr alle F\u00f6rmchen reicht;-).<\/p>\n\n\n\n<p>Am n\u00e4chsten Tag war denn endlich mein (Mattis) lang ersehnter 6. Geburtstag. Ich wurde von Mama, Papa und Ole ganz lieb geweckt und durfte dann ins Wohnzimmer runter. Im Wohnzimmer hat dann ein toller Geburtstagstisch auf mich gewartet. Es war sogar eine Wunderkerze als &#8222;6&#8220; auf meinem Geburtstagskuchen. Die Geburtstagskaravane mit 6 Kerzen habe ich nur mit zweimal Pusten ausgeblasen und mir dabei ganz fest etwas gew\u00fcnscht. Ich habe zu meinem Geburtstag tolle Geschenke, ganz viel Anrufe, Pakete, Briefe und Gr\u00fc\u00dfe erhalten und sage gaaanz lieben Dank an alle, die so fest an mich gedacht haben an diesem Tag. Trotz Erk\u00e4ltung durfte ich f\u00fcr ein paar Stunden in die Kita zu meiner Geburtstagsfeier. Aber ich durfte Mittagskind sein und wurde nach dem Mittagessen von Papa, der die ganze Woche noch mit dem kranken Ole Zuhause ist, abgeholt. Es war ein wundersch\u00f6ner Tag, an dem wir mit Papa nachmittags aus Kartons Rennautos gebastelt haben, in die wir uns reinsetzen und durchs Wohnzimmer fahren k\u00f6nnen.<\/p>\n\n\n\n<p>Mit einem gem\u00fctlichen Abendessen mit Kartoffeltaschen haben wir meinen Geburtstag ausklingen lassen.<\/p>\n\n\n\n<p>Es war ein wundersch\u00f6ner Tag und ich freue mich schon auf meine Kindergeburtstagsfeier am Wochenende.<\/p>\n\n\n\n<p>Bis bald Euer Ole und Euer Matti<\/p>\n","protected":false},"excerpt":{"rendered":"<p>Hall\u00f6chen Ihr Lieben, nun war es endlich soweit. Vorgestern haben wir am Morgen unsere gut geputzen Stiefel mit gaaaanz viel S\u00fc\u00dfem, N\u00fcssen und Obst gef\u00fcllt gefunden. Und wir haben jeder eine Rennfahrerm\u00fctze geschenkt bekommen. Ole war am Abend davor ganz sch\u00f6n bockig und Mama und Papa haben gemeint, dass er wohl dann eine Rute geschenkt &hellip; <a href=\"http:\/\/dachgeschoss.dnsalias.com\/wordpress\/2016\/12\/08\/6-jahre-bin-ich-nun-alt\/\" class=\"more-link\"><span class=\"screen-reader-text\">6 Jahre bin ich nun alt!<\/span> weiterlesen <span class=\"meta-nav\">&rarr;<\/span><\/a><\/p>\n","protected":false},"author":1,"featured_media":0,"comment_status":"closed","ping_status":"","sticky":false,"template":"","format":"standard","meta":[],"categories":[1],"tags":[],"_links":{"self":[{"href":"http:\/\/dachgeschoss.dnsalias.com\/wordpress\/wp-json\/wp\/v2\/posts\/418"}],"collection":[{"href":"http:\/\/dachgeschoss.dnsalias.com\/wordpress\/wp-json\/wp\/v2\/posts"}],"about":[{"href":"http:\/\/dachgeschoss.dnsalias.com\/wordpress\/wp-json\/wp\/v2\/types\/post"}],"author":[{"embeddable":true,"href":"http:\/\/dachgeschoss.dnsalias.com\/wordpress\/wp-json\/wp\/v2\/users\/1"}],"replies":[{"embeddable":true,"href":"http:\/\/dachgeschoss.dnsalias.com\/wordpress\/wp-json\/wp\/v2\/comments?post=418"}],"version-history":[{"count":1,"href":"http:\/\/dachgeschoss.dnsalias.com\/wordpress\/wp-json\/wp\/v2\/posts\/418\/revisions"}],"predecessor-version":[{"id":419,"href":"http:\/\/dachgeschoss.dnsalias.com\/wordpress\/wp-json\/wp\/v2\/posts\/418\/revisions\/419"}],"wp:attachment":[{"href":"http:\/\/dachgeschoss.dnsalias.com\/wordpress\/wp-json\/wp\/v2\/media?parent=418"}],"wp:term":[{"taxonomy":"category","embeddable":true,"href":"http:\/\/dachgeschoss.dnsalias.com\/wordpress\/wp-json\/wp\/v2\/categories?post=418"},{"taxonomy":"post_tag","embeddable":true,"href":"http:\/\/dachgeschoss.dnsalias.com\/wordpress\/wp-json\/wp\/v2\/tags?post=418"}],"curies":[{"name":"wp","href":"https:\/\/api.w.org\/{rel}","templated":true}]}}