{"id":414,"date":"2016-10-22T21:28:00","date_gmt":"2016-10-22T19:28:00","guid":{"rendered":"http:\/\/192.168.3.11\/wordpress\/?p=414"},"modified":"2024-01-30T21:29:16","modified_gmt":"2024-01-30T20:29:16","slug":"die-letzten-sommertage-und-oles-u7a","status":"publish","type":"post","link":"http:\/\/dachgeschoss.dnsalias.com\/wordpress\/2016\/10\/22\/die-letzten-sommertage-und-oles-u7a\/","title":{"rendered":"Die letzten Sommertage und Oles U7a"},"content":{"rendered":"\n<p>Hall\u00f6chen Ihr Lieben,<\/p>\n\n\n\n<p>wir haben in Anbetracht der Wettervorhersage f\u00fcr unseren Urlaub vor einer Woche ganz spontan eine Reise nach Mallorca gebucht, Und das war einfach genial. 7 Tage lang noch einmal Sommerfeeling&#8230;&#8230;Wir haben in einem sch\u00f6nen Appartment in Alcudia gewohnt&nbsp; und von dort aus jeden Tag die Insel entdeckt. Wir waren jeden Tag baden, sind im Tramuntanagebirge gewandert, haben Sophie und ihre Familie in Santaniy besucht, sind auf dem Wochenmarkt in Sineu Pony geritten und haben bei einem Beachvolleyballturnier auf der Trib\u00fcne gesessen&#8230;&#8230;Wir haben sogar einen Arzt besucht:-). Beim Toben auf sehr steinigem Untergrund bin ich (Ole) mit dem Kopf auf einen spitzen Stein gelandet und hatte eine ziemlich tiefe Platzwunde an der Schl\u00e4fe. Doch dank Internet und der guten Infrastruktur war ich innerhalb einer Stunde mit einer gro\u00dfen Klammer versorgt. Leider war es keine Frau, die das gemacht hat, sondern ein doch sehr netter deutscher Arzt. Trotz dieses Ereignisses war es eine wundersch\u00f6ne Zeit!! Ich dachte ich w\u00fcrde mit der Klammer am Kopf bei der Sicherheitskontrolle piepen, aber es war nicht so:-). 4 Tage sp\u00e4ter hat Mama diese Klammer mit einem Klammerentferner von ihrere Arbeit wieder entfernt. Und dank meines langen Ponys sieht man gar nichts mehr.<\/p>\n\n\n\n<p>Nun sind wir wieder im Alltag angekommen und haben es uns Zuhause endlich herbstlich und gem\u00fctlich eingerichtet.<\/p>\n\n\n\n<p>Ich (Ole) war dann am Donnerstag zu meiner U-Untersuchung 7a. Ich&nbsp; bin 94,1cm gro\u00df und wiege 13,9kg. Ich musste einige Aufagben der Kinder\u00e4rztin ausf\u00fchren.<\/p>\n\n\n\n<p>1. Ich sollte auf 2 Beinen h\u00fcpfen. Ich wollte etwas angeben und bin einfach auf einem Bein geh\u00fcpft.<\/p>\n\n\n\n<p>2. Ich musste ein M\u00e4nnchen malen. Das sah dann ungef\u00e4hr so aus: Ein Kreis mit einer Tangente als K\u00f6rper und die Augen waren dreiecks\u00e4hnlich au\u00dfen an den Kreis gemalt. Ich habe einfach den kubistischen Malstil bevorzugt;-).<\/p>\n\n\n\n<p>3. Dann sollte ich noch einen Kreis, ein Viereck und eine Kreuz malen. Papa war schon ganz aufgeregt als er die Aufgabe h\u00f6rte, da er nicht gedacht hat, das ich nat\u00fcrlich auch diese Aufgabe mit Bravour meistere;-).<\/p>\n\n\n\n<p>4. Ich musste einen Ball fangen. Ich wurde gefragt, ob ich schon Dreirad fahren kann. Und da habe ich direkt von meinem Fahhrad erz\u00e4hlt. Da hat die \u00c4rztin mich gefragt, ob ich dann mit St\u00fctzr\u00e4dern fahre. Und nat\u00fcrlich hat dann Papa mit stolz geschwellter Brust gesagt, dass ich es schon ganz alleine ohne St\u00fctzr\u00e4der kann.<\/p>\n\n\n\n<p>5. Ich wurde gefragt, ob ich noch Windeln trage. Auch das konnte ich ganz cool verneinen.<\/p>\n\n\n\n<p>6. Der H\u00f6r und der Sehtest sind dann nicht ganz gut ausgefallen. Und so muss ich doch noch mal zum Augen- und Ohrenarzt. So lange es Frauen sind, ist das super;-).<\/p>\n\n\n\n<p>7.Dann musste ich noch in einen Becher pullern.<\/p>\n\n\n\n<p>Tja, ich will ja nicht prahlen, aber ich habe meine Kinder\u00e4rztin ganz sch\u00f6n ins Staunen gebracht und Papa war gleich 10 cm gr\u00f6\u00dfer;-). Das Sprechen geht weiterhin immer besser. Ich versuche auch immer mehr meinen Kopf durchzusetzen und es ist wirklich nicht leicht gegen mein Temperament und Dickkopf anzukommen.<\/p>\n\n\n\n<p>So das war es von uns in K\u00fcrze.<\/p>\n\n\n\n<p>Wir w\u00fcnschen Euch noch ein sch\u00f6nes Wochenende!<\/p>\n\n\n\n<p>Euer Mattes und Euer Ole<\/p>\n","protected":false},"excerpt":{"rendered":"<p>Hall\u00f6chen Ihr Lieben, wir haben in Anbetracht der Wettervorhersage f\u00fcr unseren Urlaub vor einer Woche ganz spontan eine Reise nach Mallorca gebucht, Und das war einfach genial. 7 Tage lang noch einmal Sommerfeeling&#8230;&#8230;Wir haben in einem sch\u00f6nen Appartment in Alcudia gewohnt&nbsp; und von dort aus jeden Tag die Insel entdeckt. Wir waren jeden Tag baden, &hellip; <a href=\"http:\/\/dachgeschoss.dnsalias.com\/wordpress\/2016\/10\/22\/die-letzten-sommertage-und-oles-u7a\/\" class=\"more-link\"><span class=\"screen-reader-text\">Die letzten Sommertage und Oles U7a<\/span> weiterlesen <span class=\"meta-nav\">&rarr;<\/span><\/a><\/p>\n","protected":false},"author":1,"featured_media":0,"comment_status":"closed","ping_status":"","sticky":false,"template":"","format":"standard","meta":[],"categories":[1],"tags":[],"_links":{"self":[{"href":"http:\/\/dachgeschoss.dnsalias.com\/wordpress\/wp-json\/wp\/v2\/posts\/414"}],"collection":[{"href":"http:\/\/dachgeschoss.dnsalias.com\/wordpress\/wp-json\/wp\/v2\/posts"}],"about":[{"href":"http:\/\/dachgeschoss.dnsalias.com\/wordpress\/wp-json\/wp\/v2\/types\/post"}],"author":[{"embeddable":true,"href":"http:\/\/dachgeschoss.dnsalias.com\/wordpress\/wp-json\/wp\/v2\/users\/1"}],"replies":[{"embeddable":true,"href":"http:\/\/dachgeschoss.dnsalias.com\/wordpress\/wp-json\/wp\/v2\/comments?post=414"}],"version-history":[{"count":1,"href":"http:\/\/dachgeschoss.dnsalias.com\/wordpress\/wp-json\/wp\/v2\/posts\/414\/revisions"}],"predecessor-version":[{"id":415,"href":"http:\/\/dachgeschoss.dnsalias.com\/wordpress\/wp-json\/wp\/v2\/posts\/414\/revisions\/415"}],"wp:attachment":[{"href":"http:\/\/dachgeschoss.dnsalias.com\/wordpress\/wp-json\/wp\/v2\/media?parent=414"}],"wp:term":[{"taxonomy":"category","embeddable":true,"href":"http:\/\/dachgeschoss.dnsalias.com\/wordpress\/wp-json\/wp\/v2\/categories?post=414"},{"taxonomy":"post_tag","embeddable":true,"href":"http:\/\/dachgeschoss.dnsalias.com\/wordpress\/wp-json\/wp\/v2\/tags?post=414"}],"curies":[{"name":"wp","href":"https:\/\/api.w.org\/{rel}","templated":true}]}}