{"id":402,"date":"2016-08-01T15:14:00","date_gmt":"2016-08-01T13:14:00","guid":{"rendered":"http:\/\/192.168.3.11\/wordpress\/?p=402"},"modified":"2024-01-30T21:23:46","modified_gmt":"2024-01-30T20:23:46","slug":"16-und-17-tag-le-truc-vert","status":"publish","type":"post","link":"http:\/\/dachgeschoss.dnsalias.com\/wordpress\/2016\/08\/01\/16-und-17-tag-le-truc-vert\/","title":{"rendered":"16. und 17. Tag Le Truc Vert"},"content":{"rendered":"\n<p>Hall\u00f6chen Ihr Lieben,<\/p>\n\n\n\n<p>gestern Abend hatten wir einfach keine Lust mehr irgendetwas zu schreiben. Zu sch\u00f6n war der laue Abend und Mama und Papa haben bei Kerzenschein vor dem Wohnmobil bei Rum\/Cola \u00fcber Gott und die Welt philosophiert;-).<\/p>\n\n\n\n<p>Wir sind seit gestern Mittag auf einem riesigen Zeltplatz in Le Truc Vert. Wir befinden uns auf der Halbinsel Medoc und unser Ziel ist hier das Cap Ferret, von wo aus man die gr\u00f6\u00dfte D\u00fcne Europas Dune de Pyla bestaunen kann.<\/p>\n\n\n\n<p>Wie man sich gut vorstellen kann, ist die Region hier wahnsinnig touristisch. Gef\u00fchlte 70% Deutsche und am Strand haben wir heute sogar unsere Nachbarin getroffen. Echt verr\u00fcckt? Und sie steht mit ihrem Campingwagen schr\u00e4g gegen\u00fcber von unserem Wohnmobil;-) .<\/p>\n\n\n\n<p>Trotzdem gef\u00e4llt es uns sehr gut hier. Der Strand und das Wasser mit hohen Wellen zum Wellenreiten und bei Ebbe hervorragenden Bedingungen zum Skimborden. Die vielen Surfer, die bereits mit den ersten Sonnenstrahlen die besten Wellen suchen. Einfach toll! So sind wir heute bereits gleich nach dem Fr\u00fchst\u00fcck an den Strand. Nach einem leckeren Mittagessen im Wohnmobil gibt es nun eine kleine Mittagspause, um f\u00fcr die sp\u00e4tere Radtour ans Cap Ferret fit zu sein.<\/p>\n\n\n\n<p>Theoretisch gibt es die M\u00f6glichkeit, vom Cap Ferret mit einer Personenf\u00e4hre zur D\u00fcne zu fahren. Die Preise sind jedoch unversch\u00e4mt und so belassen wir es wahrscheinlich nur bei einem Blick auf die 114Meter hohe wei\u00dfgold schimmernde D\u00fcne.<\/p>\n\n\n\n<p>F\u00fcr die letzten Tage bleiben wir hier fest stehen und erholen uns noch ein wenig, bevor es am Mittwoch Richtung Heimat geht.<\/p>\n\n\n\n<p>Bis bald Eure 4 Wend\u00f6rfer<\/p>\n","protected":false},"excerpt":{"rendered":"<p>Hall\u00f6chen Ihr Lieben, gestern Abend hatten wir einfach keine Lust mehr irgendetwas zu schreiben. Zu sch\u00f6n war der laue Abend und Mama und Papa haben bei Kerzenschein vor dem Wohnmobil bei Rum\/Cola \u00fcber Gott und die Welt philosophiert;-). Wir sind seit gestern Mittag auf einem riesigen Zeltplatz in Le Truc Vert. Wir befinden uns auf &hellip; <a href=\"http:\/\/dachgeschoss.dnsalias.com\/wordpress\/2016\/08\/01\/16-und-17-tag-le-truc-vert\/\" class=\"more-link\"><span class=\"screen-reader-text\">16. und 17. Tag Le Truc Vert<\/span> weiterlesen <span class=\"meta-nav\">&rarr;<\/span><\/a><\/p>\n","protected":false},"author":1,"featured_media":0,"comment_status":"closed","ping_status":"","sticky":false,"template":"","format":"standard","meta":[],"categories":[1],"tags":[],"_links":{"self":[{"href":"http:\/\/dachgeschoss.dnsalias.com\/wordpress\/wp-json\/wp\/v2\/posts\/402"}],"collection":[{"href":"http:\/\/dachgeschoss.dnsalias.com\/wordpress\/wp-json\/wp\/v2\/posts"}],"about":[{"href":"http:\/\/dachgeschoss.dnsalias.com\/wordpress\/wp-json\/wp\/v2\/types\/post"}],"author":[{"embeddable":true,"href":"http:\/\/dachgeschoss.dnsalias.com\/wordpress\/wp-json\/wp\/v2\/users\/1"}],"replies":[{"embeddable":true,"href":"http:\/\/dachgeschoss.dnsalias.com\/wordpress\/wp-json\/wp\/v2\/comments?post=402"}],"version-history":[{"count":1,"href":"http:\/\/dachgeschoss.dnsalias.com\/wordpress\/wp-json\/wp\/v2\/posts\/402\/revisions"}],"predecessor-version":[{"id":403,"href":"http:\/\/dachgeschoss.dnsalias.com\/wordpress\/wp-json\/wp\/v2\/posts\/402\/revisions\/403"}],"wp:attachment":[{"href":"http:\/\/dachgeschoss.dnsalias.com\/wordpress\/wp-json\/wp\/v2\/media?parent=402"}],"wp:term":[{"taxonomy":"category","embeddable":true,"href":"http:\/\/dachgeschoss.dnsalias.com\/wordpress\/wp-json\/wp\/v2\/categories?post=402"},{"taxonomy":"post_tag","embeddable":true,"href":"http:\/\/dachgeschoss.dnsalias.com\/wordpress\/wp-json\/wp\/v2\/tags?post=402"}],"curies":[{"name":"wp","href":"https:\/\/api.w.org\/{rel}","templated":true}]}}