{"id":40,"date":"2011-02-09T22:07:00","date_gmt":"2011-02-09T21:07:00","guid":{"rendered":"http:\/\/192.168.3.11\/wordpress\/?p=40"},"modified":"2024-01-30T17:13:55","modified_gmt":"2024-01-30T16:13:55","slug":"2-monate-und-2-tage","status":"publish","type":"post","link":"http:\/\/dachgeschoss.dnsalias.com\/wordpress\/2011\/02\/09\/2-monate-und-2-tage\/","title":{"rendered":"2 Monate und 2 Tage"},"content":{"rendered":"\n<p>Hallo Ihr Lieben,<\/p>\n\n\n\n<p>&nbsp;vorgestern war es so weit. Ich wurde 2 Monate alt!<\/p>\n\n\n\n<p>Leider bekam ich an diesem Tag statt einer kleinen Feier die erste Impfung. Schrecklich&#8230;..Gut gelaunt und ahnungslos bin ich mit Mama am Morgen los. Dann beim Wiegen und Messen wurde ich schon skeptischer. (\u00dcbrigens wiege ich jetzt 5620g.) Und dann ging pl\u00f6tzlich die T\u00fcr auf und ich erkannte meinen Kinderarzt, der mir ohne zu z\u00f6gern einmal links und einmal rechts eine Spritze in den Oberschenkel verpasste. Oh man, hab ich vielleicht gebr\u00fcllt. Das tat verdammt weh. Den Tag konnten ich und auch meine Mama von diesem Moment an abhaken. Am Ende half nur noch ein Paracetamolz\u00e4pfchen gegen die Schmerzen. Aber heute geht es mir wieder blendend. Ich bin munter und fitt, obwohl Mama schon seit einer Woche die Grippe hat. Ein Hoch auf diese Muttermilch!!!<\/p>\n\n\n\n<p>Ansonsten geht es jeden Tag ein bi\u00dfchen besser mit allem&#8230;(Finger in Mund stecken, Kopf heben, lachen, brabbeln&#8230;.). Und zur Freude meiner Eltern schlafe ich jetzt in der ersten Nachth\u00e4lfte schon 6-7 Stunden. Sollte eigentlich zur Erholung reichen, wenn nicht diese Phase schon um 18.30 oder 19 Uhr beginnen w\u00fcrde;-) und meine Mama leichte Einschlafprobleme h\u00e4tte;-).<\/p>\n\n\n\n<p>So weit so gut. Ich w\u00fcnsche allen noch eine gute Woche.<\/p>\n\n\n\n<p>Bis bald<\/p>\n\n\n\n<p>Euer Mattes<\/p>\n","protected":false},"excerpt":{"rendered":"<p>Hallo Ihr Lieben, &nbsp;vorgestern war es so weit. Ich wurde 2 Monate alt! Leider bekam ich an diesem Tag statt einer kleinen Feier die erste Impfung. Schrecklich&#8230;..Gut gelaunt und ahnungslos bin ich mit Mama am Morgen los. Dann beim Wiegen und Messen wurde ich schon skeptischer. (\u00dcbrigens wiege ich jetzt 5620g.) Und dann ging pl\u00f6tzlich &hellip; <a href=\"http:\/\/dachgeschoss.dnsalias.com\/wordpress\/2011\/02\/09\/2-monate-und-2-tage\/\" class=\"more-link\"><span class=\"screen-reader-text\">2 Monate und 2 Tage<\/span> weiterlesen <span class=\"meta-nav\">&rarr;<\/span><\/a><\/p>\n","protected":false},"author":1,"featured_media":0,"comment_status":"closed","ping_status":"","sticky":false,"template":"","format":"standard","meta":[],"categories":[1],"tags":[],"_links":{"self":[{"href":"http:\/\/dachgeschoss.dnsalias.com\/wordpress\/wp-json\/wp\/v2\/posts\/40"}],"collection":[{"href":"http:\/\/dachgeschoss.dnsalias.com\/wordpress\/wp-json\/wp\/v2\/posts"}],"about":[{"href":"http:\/\/dachgeschoss.dnsalias.com\/wordpress\/wp-json\/wp\/v2\/types\/post"}],"author":[{"embeddable":true,"href":"http:\/\/dachgeschoss.dnsalias.com\/wordpress\/wp-json\/wp\/v2\/users\/1"}],"replies":[{"embeddable":true,"href":"http:\/\/dachgeschoss.dnsalias.com\/wordpress\/wp-json\/wp\/v2\/comments?post=40"}],"version-history":[{"count":1,"href":"http:\/\/dachgeschoss.dnsalias.com\/wordpress\/wp-json\/wp\/v2\/posts\/40\/revisions"}],"predecessor-version":[{"id":41,"href":"http:\/\/dachgeschoss.dnsalias.com\/wordpress\/wp-json\/wp\/v2\/posts\/40\/revisions\/41"}],"wp:attachment":[{"href":"http:\/\/dachgeschoss.dnsalias.com\/wordpress\/wp-json\/wp\/v2\/media?parent=40"}],"wp:term":[{"taxonomy":"category","embeddable":true,"href":"http:\/\/dachgeschoss.dnsalias.com\/wordpress\/wp-json\/wp\/v2\/categories?post=40"},{"taxonomy":"post_tag","embeddable":true,"href":"http:\/\/dachgeschoss.dnsalias.com\/wordpress\/wp-json\/wp\/v2\/tags?post=40"}],"curies":[{"name":"wp","href":"https:\/\/api.w.org\/{rel}","templated":true}]}}