{"id":395,"date":"2016-07-28T21:47:00","date_gmt":"2016-07-28T19:47:00","guid":{"rendered":"http:\/\/192.168.3.11\/wordpress\/?p=395"},"modified":"2024-01-30T21:20:35","modified_gmt":"2024-01-30T20:20:35","slug":"12-und-13-tag-la-tranche-sur-mer-und-la-faute-sur-mer","status":"publish","type":"post","link":"http:\/\/dachgeschoss.dnsalias.com\/wordpress\/2016\/07\/28\/12-und-13-tag-la-tranche-sur-mer-und-la-faute-sur-mer\/","title":{"rendered":"12. und 13. Tag La Tranche sur Mer und La Faute sur Mer"},"content":{"rendered":"\n<p>Hall\u00f6chen Ihr Lieben,<\/p>\n\n\n\n<p>die letzten 2 Tage konnten wir uns nicht melden, da unser sch\u00f6ner Campingplatz mitten im Wald&nbsp;keinen guten Internetempfang hatte. Wir haben den gestrigen Tag mit einer kleinen abenteuerlichen Fahrradtour an den Strand begonnen. Jetzt, wo wir doch so viele Surfbretter mit uns tragen, ist dies gar nicht so einfach. Gut, dass Papa erfinderisch ist und mit Gurtsystemen am Ende des Tages eine perfekte Tragekonstruktion gebaut hat. Am Strand angekommen, war die Flut im vollen Gange und Papa und Matti haben die Bodybords voll ausprobieren k\u00f6nnen. Richtig gute Bedingungen. Den ganzen Tag haben wir mit toben, Fu\u00dfball, Bodybord und Skimbord fahren verbracht. Abends sind wir hungrieg zum Zeltplatz und haben gem\u00fctlich gegrillt.<\/p>\n\n\n\n<p>\u00dcbrigens kamen unsere Nachbarn auf dem Zeltplatz aus Zweibr\u00fccken (die Geburtsstadt von Ole und Matti). Nat\u00fcrlich unterh\u00e4lt man sich da und ist doch gl\u00fccklich mal wieder sich richtig verst\u00e4ndigen zu k\u00f6nnen. Auch wenn das Franz\u00f6sisch sprechen und Verstehen jeden Tag etwas besser wird. Jedenfalls hatten die Zweibr\u00fccker 2 M\u00e4dels gesch\u00e4tzte 10 und 14 Jahre, die Matti und Ole schwer beeindruckt haben. Sie haben direkt neben uns Strandtennis gespielt und sind Springseil geh\u00fcpft. Ole ist beim Abendbrot vor lauter Bewunderung vom Stuhl gefallen. Die Augen der beiden Jungs haben richtig gefunkelt&#8230;.<\/p>\n\n\n\n<p>Heute haben wir von unserem tollen Campingplatz schweren Herzens Abschied genommen. Wir haben uns heute unsere &#8222;alte Heimat&#8220; La Tranche sur Mer im Stadtkern noch einmal angesehen und haben fast alles wiedererkannt. Wir haben in alten Erinnungen geschwelgt und wie damals schon aufgrund der Surfschule hier vom Windsurfen lernen getr\u00e4umt.In einer Pizzeria gab es dann leckeres Mittag und dann sind wir zur\u00fcck zum Wohnmobil gebummelt.<\/p>\n\n\n\n<p>Ein paar Kilomter weiter stehen wir nun in La Faute sur Mer in einem ruhigen Wohngebiet direkt zweite Reihe am Strand. Und haben nat\u00fcrlich den Nachmittag auch an diesem verbracht. Es war ein herrlicher Nachmittag und Abend ohne Wind und wir haben lange am Strand die Zeit genossen. Abends gab es dann mal wieder eins von unseren drei Essen, n\u00e4mlich Eierkuchen a la Papa. Hmmmm lecker und hundem\u00fcde sind wir ins Bett. Mama und Papa lauschen noch der Livemusik, die vom Stadtzentrum hert\u00f6nt und lesen ihre B\u00fccher.<\/p>\n\n\n\n<p>Alles Liebe Eure 4 Wend\u00f6rfer<\/p>\n","protected":false},"excerpt":{"rendered":"<p>Hall\u00f6chen Ihr Lieben, die letzten 2 Tage konnten wir uns nicht melden, da unser sch\u00f6ner Campingplatz mitten im Wald&nbsp;keinen guten Internetempfang hatte. Wir haben den gestrigen Tag mit einer kleinen abenteuerlichen Fahrradtour an den Strand begonnen. Jetzt, wo wir doch so viele Surfbretter mit uns tragen, ist dies gar nicht so einfach. Gut, dass Papa &hellip; <a href=\"http:\/\/dachgeschoss.dnsalias.com\/wordpress\/2016\/07\/28\/12-und-13-tag-la-tranche-sur-mer-und-la-faute-sur-mer\/\" class=\"more-link\"><span class=\"screen-reader-text\">12. und 13. Tag La Tranche sur Mer und La Faute sur Mer<\/span> weiterlesen <span class=\"meta-nav\">&rarr;<\/span><\/a><\/p>\n","protected":false},"author":1,"featured_media":0,"comment_status":"closed","ping_status":"","sticky":false,"template":"","format":"standard","meta":[],"categories":[1],"tags":[],"_links":{"self":[{"href":"http:\/\/dachgeschoss.dnsalias.com\/wordpress\/wp-json\/wp\/v2\/posts\/395"}],"collection":[{"href":"http:\/\/dachgeschoss.dnsalias.com\/wordpress\/wp-json\/wp\/v2\/posts"}],"about":[{"href":"http:\/\/dachgeschoss.dnsalias.com\/wordpress\/wp-json\/wp\/v2\/types\/post"}],"author":[{"embeddable":true,"href":"http:\/\/dachgeschoss.dnsalias.com\/wordpress\/wp-json\/wp\/v2\/users\/1"}],"replies":[{"embeddable":true,"href":"http:\/\/dachgeschoss.dnsalias.com\/wordpress\/wp-json\/wp\/v2\/comments?post=395"}],"version-history":[{"count":1,"href":"http:\/\/dachgeschoss.dnsalias.com\/wordpress\/wp-json\/wp\/v2\/posts\/395\/revisions"}],"predecessor-version":[{"id":396,"href":"http:\/\/dachgeschoss.dnsalias.com\/wordpress\/wp-json\/wp\/v2\/posts\/395\/revisions\/396"}],"wp:attachment":[{"href":"http:\/\/dachgeschoss.dnsalias.com\/wordpress\/wp-json\/wp\/v2\/media?parent=395"}],"wp:term":[{"taxonomy":"category","embeddable":true,"href":"http:\/\/dachgeschoss.dnsalias.com\/wordpress\/wp-json\/wp\/v2\/categories?post=395"},{"taxonomy":"post_tag","embeddable":true,"href":"http:\/\/dachgeschoss.dnsalias.com\/wordpress\/wp-json\/wp\/v2\/tags?post=395"}],"curies":[{"name":"wp","href":"https:\/\/api.w.org\/{rel}","templated":true}]}}