{"id":387,"date":"2016-07-23T21:50:00","date_gmt":"2016-07-23T19:50:00","guid":{"rendered":"http:\/\/192.168.3.11\/wordpress\/?p=387"},"modified":"2024-01-30T21:16:04","modified_gmt":"2024-01-30T20:16:04","slug":"8-tag-suedlichster-punkt-der-halbinsel-quiberon","status":"publish","type":"post","link":"http:\/\/dachgeschoss.dnsalias.com\/wordpress\/2016\/07\/23\/8-tag-suedlichster-punkt-der-halbinsel-quiberon\/","title":{"rendered":"8. Tag S\u00fcdlichster Punkt der Halbinsel Quiberon"},"content":{"rendered":"\n<p>Hall\u00f6chen Ihr Lieben,<\/p>\n\n\n\n<p>heute Morgen sind wir entg\u00fcltig im Urlaubsmodus angekommen. Wir haben alle bis 9Uhr geschlafen!!! Mama und Papa war es sogar schon etwas zu lang. Sie wissen auch nicht, was sie wollen. Sonst zu fr\u00fch nun zu sp\u00e4t. Na ja, egal, nach einem leckeren Fr\u00fchst\u00fcck in unseren Campingm\u00f6beln ging es diesmal mit dem Fahrrad los. Unser Ziel war die \u00e4u\u00dferste Spitze der Halbinsel. Sch\u00f6n, dass es hier sehr Fahrrad freundlich ist. So haben wir eine angenehme Strecke von 6 km bis zum Zipfel zur\u00fcckgelegt. Und eigentlich haben wir dort den Azlantik rauh und wild erwartet. Aber das Wetter ist zur Zeit so herrlich, dass es fast windstill ist und der Himmel ab 10Uhr kein W\u00f6lkchen\u00b4zeigt. Schade, eigentlich, denn so waren keine Surfer auf dem Wasser zu sehen. Und das ist doch hier ein Hotspot zum Surfen&#8230;. F\u00fcr uns (Matti und Ole) hat es aber f\u00fcr unsere Bodybords schon gereicht. Wir kriegen es schon gar nicht so schlecht hin, denn richtigen Punkt abzuwarten, um auf der Welle zu reiten;-).<\/p>\n\n\n\n<p>Den Mittag und Nachmittag haben wir auf der Westseite der Insel an einem tollen Sandstrand verbracht. Und man mag es kaum glauben, aber endlich haben Mama und Papa ein Volleyballnetz gesichtet. Nat\u00fcrlich haben wir uns auch gleich neben diesem nieder gelassen. Sie haben uns dann ins Zelt zum Mittgagsschlaf geschickt und sind dann auf dem Platz, um 1:1 zu spielen. Kurze Zeit sp\u00e4ter hatten sie auch schon zwei Franzosen als Gegener. Leider konnten die gar nicht spielen. Also haben Mama und Papa es nach 2 S\u00e4tzem aufgegeben und sind lieber mit uns Eis essen gegangen.<\/p>\n\n\n\n<p>Am Abend hat Mama leckeres Abendbrot vorbereitet und wir sind mit Papa in den Swimmingpool von unserem Campingplatz. Danach gab es lecker gegrillte W\u00fcrstchen, Salat und nat\u00fcrlich OBSTSALAT;-).<\/p>\n\n\n\n<p>Hiundem\u00fcde sind wir ins Bett und Matti ist auch gleich eingeschlfen, aber ich (Ole) habe noch eine Weile in meinem Bett rumgetunrt, so dass ich morgen Gummib\u00e4rchenverbot habe. Immer diese Erpressungen. Ich habe im Auto getobt, Papa war joggen und Mama kam nicht mehr ins Auto rein, weil sich die T\u00fcr verklemmt hatte. Mich hat das ja nicht gest\u00f6rt, denn ich war ja mit springen in meinem Bett besch\u00e4ftigt, aber Mama hat verzweifelt versucht die T\u00fcr aufzumachen. Gut, dass wir das Badfenster offen hatten. Mama ist n\u00e4mlich kurzzer Hand durchs Badezimmerfenster ins Auto geklettert und dann gab es doch \u00c4rger f\u00fcr mich&#8230;<\/p>\n\n\n\n<p>So das war unser 8. Tag. Morgen werden wir weiter, aber das erfahrt Ihr morgen wohin es uns getrieben hat.<\/p>\n\n\n\n<p>Bis bald Eure 4 Wend\u00f6rfer<\/p>\n","protected":false},"excerpt":{"rendered":"<p>Hall\u00f6chen Ihr Lieben, heute Morgen sind wir entg\u00fcltig im Urlaubsmodus angekommen. Wir haben alle bis 9Uhr geschlafen!!! Mama und Papa war es sogar schon etwas zu lang. Sie wissen auch nicht, was sie wollen. Sonst zu fr\u00fch nun zu sp\u00e4t. Na ja, egal, nach einem leckeren Fr\u00fchst\u00fcck in unseren Campingm\u00f6beln ging es diesmal mit dem &hellip; <a href=\"http:\/\/dachgeschoss.dnsalias.com\/wordpress\/2016\/07\/23\/8-tag-suedlichster-punkt-der-halbinsel-quiberon\/\" class=\"more-link\"><span class=\"screen-reader-text\">8. Tag S\u00fcdlichster Punkt der Halbinsel Quiberon<\/span> weiterlesen <span class=\"meta-nav\">&rarr;<\/span><\/a><\/p>\n","protected":false},"author":1,"featured_media":0,"comment_status":"closed","ping_status":"","sticky":false,"template":"","format":"standard","meta":[],"categories":[1],"tags":[],"_links":{"self":[{"href":"http:\/\/dachgeschoss.dnsalias.com\/wordpress\/wp-json\/wp\/v2\/posts\/387"}],"collection":[{"href":"http:\/\/dachgeschoss.dnsalias.com\/wordpress\/wp-json\/wp\/v2\/posts"}],"about":[{"href":"http:\/\/dachgeschoss.dnsalias.com\/wordpress\/wp-json\/wp\/v2\/types\/post"}],"author":[{"embeddable":true,"href":"http:\/\/dachgeschoss.dnsalias.com\/wordpress\/wp-json\/wp\/v2\/users\/1"}],"replies":[{"embeddable":true,"href":"http:\/\/dachgeschoss.dnsalias.com\/wordpress\/wp-json\/wp\/v2\/comments?post=387"}],"version-history":[{"count":1,"href":"http:\/\/dachgeschoss.dnsalias.com\/wordpress\/wp-json\/wp\/v2\/posts\/387\/revisions"}],"predecessor-version":[{"id":388,"href":"http:\/\/dachgeschoss.dnsalias.com\/wordpress\/wp-json\/wp\/v2\/posts\/387\/revisions\/388"}],"wp:attachment":[{"href":"http:\/\/dachgeschoss.dnsalias.com\/wordpress\/wp-json\/wp\/v2\/media?parent=387"}],"wp:term":[{"taxonomy":"category","embeddable":true,"href":"http:\/\/dachgeschoss.dnsalias.com\/wordpress\/wp-json\/wp\/v2\/categories?post=387"},{"taxonomy":"post_tag","embeddable":true,"href":"http:\/\/dachgeschoss.dnsalias.com\/wordpress\/wp-json\/wp\/v2\/tags?post=387"}],"curies":[{"name":"wp","href":"https:\/\/api.w.org\/{rel}","templated":true}]}}