{"id":385,"date":"2016-07-22T21:06:00","date_gmt":"2016-07-22T19:06:00","guid":{"rendered":"http:\/\/192.168.3.11\/wordpress\/?p=385"},"modified":"2024-01-30T21:15:08","modified_gmt":"2024-01-30T20:15:08","slug":"6-und-7-tag-saint-malo-und-die-halbinsel-quiberon","status":"publish","type":"post","link":"http:\/\/dachgeschoss.dnsalias.com\/wordpress\/2016\/07\/22\/6-und-7-tag-saint-malo-und-die-halbinsel-quiberon\/","title":{"rendered":"6. und 7. Tag Saint-Malo und die Halbinsel Quiberon"},"content":{"rendered":"\n<p>Hall\u00f6chen Ihr Lieben,<\/p>\n\n\n\n<p>gestern haben wir es leider nicht mehr geschafft zu berichten.<\/p>\n\n\n\n<p>Den 6 Tag unserer Reise haben wir am Vormittag mit einem gem\u00fctlichen Stadtbummel durch Saint-Malo und dessen Hafen verbracht. Mit Begeisterung haben wir den gro\u00dfen und kleinen Booten und Schiffen zugesehen wie sie entweder in den Hafen kamen oder gerade wegfuhren. Wir haben Angler beobachtet und ein faszinierendes Segelschiff, das aus St. Petersburg stammt, gesehen. In einer B\u00e4ckerei haben wir uns dann ein traditionelles Bagutte sowie K\u00e4se und Weintrauben gekauft und sind an den Strand zum Mittagessen. Unseren Mittgasschlaf haben wir im Schatten der m\u00e4chtigen Festungsmauern am Strand verbracht. Den Nachmittag haben wir wie mit einem t\u00e4glichen Fu\u00dfballspiel Papa und Ole gegen Mama und Matti, baden und einer kleinen Strandolympiade verbracht. Gegen 18 Uhr waren wir am Wohnmobil zur\u00fcck und haben in einem der riesigen Einkaufsm\u00e4rkte unsere Essensvorr\u00e4te aufgebessert. Mama und Papa legen in diesem Urlaub noch mehr Wert als sonst auf Obst und Gem\u00fcse und da es das hier allles als regionale Produkte in H\u00fclle und F\u00fclle zu kaufen gibt, sieht unser Einkaufswagen fast nur gesunde Sachen;-). Na ja Platz f\u00fcr Gummib\u00e4rchen war aber auch noch. Einen Gartenschlauch und eine neue tolle franz\u00f6sische Pfanne gab es oben drauf. Aus der haben die Ei\u00e9rkuchen auf unserem Rastplatz auf dem Weg nach Vannes fantstisch geschmeckt. Gl\u00fccklicherweise ist Frankreich ein sehr Wohnmobil freundliches Land. Es wimmelt nur so von Stellpl\u00e4tzen, auf denen man f\u00fcr 2 Euro Wasser und Strom auftanken kann. Das haben wir getan und sind nach dem Abendbrot bettfertig weitergezogen.<\/p>\n\n\n\n<p>Unser Ziel war Vannes, eine mittelalterliche Stadt. Doch leider sind Mama und Papa gef\u00fchlt 2 Stunden dort in der Nacht umhergeiirt und haben verzweifelt einen Stellplatz gesucht. Wir (Ole und Matti) haben davon nichts mitbekommen, da wir friedlich in unseren Sitzen geschlafen haben. Mama und Papa haben sich dann gegen 24 Uhr daf\u00fcr entschieden diese Region zu verlassen und auf die Halbinsel Quiberon zu fahren. Und da haben wir sofort ein Eckchen zum Schlafen gefunden.<\/p>\n\n\n\n<p>Und da sind wir nun.- auf der Halbinsel Quiberon. Eine Halbinsel, auf der auf der einen Seite der Atlantik rauh und ein wahres Surferparadies ist und auf der anderen Seite sanft und mit Sandstr\u00e4nden und t\u00fcrkisblauem Wasser f\u00fcr Kinder ein Traum ist. Und da wir ein wenig Ruhe brauchen, haben wir uns auf einen Campingplatz in St. Quiberon gestellt und genie\u00dfen nun ein wenig, dass wir alles mal aufbauen uns f\u00fcr ein paar Tage so lassen k\u00f6nnen. Hier gibt es f\u00fcr uns (Matti und Ole) eine geniale H\u00fcpfburg und ein tolles Fu\u00dfballfeld. Das haben wir heute Vormittag auch gleich genutzt. Nach dem Mittagessen ging es an den 800m entfernten Strand. Da haben wir heute ganz ausgiebig unser Mittagsschl\u00e4fchen gehalten. Und dann den ganzen Nachmittag unz\u00e4hlig oft das sch\u00f6ne t\u00fcrkisfarbene Wasser genossen. Es ist hier so warm, dass selbst Mama ganz oft richtig baden geht, nicht wie sonst nur F\u00fc\u00dfe rein;-). Und das wirklich faszinierende ist wie jeden Tag die Ebbe und die Flut, die den Strand und das Meer jeden Moment anders erscheinen l\u00e4sst. Abend haben wir heute das erste Mal unseren Grill aufgebaut.Leckere W\u00fcrstchen (noch aus Deutschland, denn wir haben noch in keinem anderen Land leckere W\u00fcrstchen gegessen) und Fisch aus dem Atlantik gab es. Und Obstsalat!!!!;-) Und Baguette mit Knoblauch&#8230;..Dann gab es noch ein abendliches Fussballspiel auf dem tollen Platz und nach einer Robin Hood geschichte ging es f\u00fcr die Jungs ins Bett. Und Mama und Papa genie\u00dfen den Abend bei herrlichem Wetter vor dem Wohnwagen.<\/p>\n\n\n\n<p>Das war es erst einmal.<\/p>\n\n\n\n<p>Bis bald Eure 4 Wend\u00f6rfer<\/p>\n","protected":false},"excerpt":{"rendered":"<p>Hall\u00f6chen Ihr Lieben, gestern haben wir es leider nicht mehr geschafft zu berichten. Den 6 Tag unserer Reise haben wir am Vormittag mit einem gem\u00fctlichen Stadtbummel durch Saint-Malo und dessen Hafen verbracht. Mit Begeisterung haben wir den gro\u00dfen und kleinen Booten und Schiffen zugesehen wie sie entweder in den Hafen kamen oder gerade wegfuhren. Wir &hellip; <a href=\"http:\/\/dachgeschoss.dnsalias.com\/wordpress\/2016\/07\/22\/6-und-7-tag-saint-malo-und-die-halbinsel-quiberon\/\" class=\"more-link\"><span class=\"screen-reader-text\">6. und 7. Tag Saint-Malo und die Halbinsel Quiberon<\/span> weiterlesen <span class=\"meta-nav\">&rarr;<\/span><\/a><\/p>\n","protected":false},"author":1,"featured_media":0,"comment_status":"closed","ping_status":"","sticky":false,"template":"","format":"standard","meta":[],"categories":[1],"tags":[],"_links":{"self":[{"href":"http:\/\/dachgeschoss.dnsalias.com\/wordpress\/wp-json\/wp\/v2\/posts\/385"}],"collection":[{"href":"http:\/\/dachgeschoss.dnsalias.com\/wordpress\/wp-json\/wp\/v2\/posts"}],"about":[{"href":"http:\/\/dachgeschoss.dnsalias.com\/wordpress\/wp-json\/wp\/v2\/types\/post"}],"author":[{"embeddable":true,"href":"http:\/\/dachgeschoss.dnsalias.com\/wordpress\/wp-json\/wp\/v2\/users\/1"}],"replies":[{"embeddable":true,"href":"http:\/\/dachgeschoss.dnsalias.com\/wordpress\/wp-json\/wp\/v2\/comments?post=385"}],"version-history":[{"count":1,"href":"http:\/\/dachgeschoss.dnsalias.com\/wordpress\/wp-json\/wp\/v2\/posts\/385\/revisions"}],"predecessor-version":[{"id":386,"href":"http:\/\/dachgeschoss.dnsalias.com\/wordpress\/wp-json\/wp\/v2\/posts\/385\/revisions\/386"}],"wp:attachment":[{"href":"http:\/\/dachgeschoss.dnsalias.com\/wordpress\/wp-json\/wp\/v2\/media?parent=385"}],"wp:term":[{"taxonomy":"category","embeddable":true,"href":"http:\/\/dachgeschoss.dnsalias.com\/wordpress\/wp-json\/wp\/v2\/categories?post=385"},{"taxonomy":"post_tag","embeddable":true,"href":"http:\/\/dachgeschoss.dnsalias.com\/wordpress\/wp-json\/wp\/v2\/tags?post=385"}],"curies":[{"name":"wp","href":"https:\/\/api.w.org\/{rel}","templated":true}]}}