{"id":38,"date":"2011-02-01T19:36:00","date_gmt":"2011-02-01T18:36:00","guid":{"rendered":"http:\/\/192.168.3.11\/wordpress\/?p=38"},"modified":"2024-01-30T17:12:58","modified_gmt":"2024-01-30T16:12:58","slug":"februarbilder","status":"publish","type":"post","link":"http:\/\/dachgeschoss.dnsalias.com\/wordpress\/2011\/02\/01\/februarbilder\/","title":{"rendered":"Februarbilder"},"content":{"rendered":"\n<p>Hallo Ihr Lieben,<\/p>\n\n\n\n<p>&nbsp;ich melde mich mal wieder aus dem eisigen Saarland.<\/p>\n\n\n\n<p>Heute bin ich nun 8 Wochen alt. Leider ist meine Hebamme krank, sodass sie heute nicht kommen und mich wiegen konnte. Aber meine Pausb\u00e4ckchen und mein Doppelkinn werden von Tag zu Tag voller. Meine Eltern finden das s\u00fc\u00df. Begeistern kann ich sie aber nicht nur mit meinen Pausb\u00e4ckchen, sondern mit meinem freudig erregten L\u00e4cheln und Strampeln, wenn sie mit mir sprechen und Faxen machen. Ich antworte ihnen dann immer mit einem freudigen Gurren und Brabbeln.&nbsp;<\/p>\n\n\n\n<p>Eine Sache, die ich seit ein paar Tagen begonnen habe, ist alles mit der Zunge erkunden zu wollen. Zurzeit versuche ich meine H\u00e4nde zu ertasten und zu erschmecken. Zuerst habe ich es mit der rechten Hand versucht, mit der es auch deutlich besser klappt als mit der linken. Leider gehorchen meine H\u00e4ndchen mir nicht immer so, wie ich m\u00f6chte und da kann ich auch mal schnell ganz sch\u00f6n ungeduldig werden. Die Ungeduld habe ich wohl von meiner Mama;-). Aber \u00dcbung macht den Meister.&nbsp;<\/p>\n\n\n\n<p>Eine weitere Sache ist die, wenn meine Eltern mich auf den Bauch legen. Ich w\u00fcrde am liebsten loskrabbeln, aber auch da wollen meine Arme nicht das, was ich will. Mit meinen Beinchen hingegen komme ich schon ganz gut klar. Ich kann mich schon richtig gut absto\u00dfen. (Aber das k\u00f6nnen wohl alle Babys, denn es ist ein Reflex;-) ) Den Kopf kann ich im Liegen auch schon ganz gut halten und manchmal schaffe ich es sogar mich auf die Arme zu st\u00fctzen. Besonders mein Papa freut sich dann immer. Der stolze Papa ;-).<\/p>\n\n\n\n<p>W\u00e4re da nicht die Zeit zwischen 17 und 18 Uhr, die mich etwas qu\u00e4lt. Seit ein paar Tagen werde ich dann immer unruhig und f\u00fchle mich unwohl, was sich in lautem Schreien \u00e4u\u00dfert. Dieses Ph\u00e4nomen haben viele Babys bis zu 3 Monaten und es wird wohl immer das Geheimnis der Babys bleiben, was da in ihrem K\u00f6rper so abl\u00e4uft, dass sie sich so f\u00fchlen. Es gibt 1000 Theorien dazu, aber meine Eltern r\u00e4tseln schon gar nicht mehr. Sie halten mich im Arm und so beruhige ich mich. Wenn es dann drau\u00dfen dunkel geworden ist und ich mein Abendbrot bekommen habe, legt meine Mama mich ins Bett und ich schlafe ohne zu meckern f\u00fcr 5-6 Stunden ein. So gegen 1 Uhr ist dann mein Mitternachtsmahl. Mhhm lecker!!!!!<\/p>\n\n\n\n<p>Na gut f\u00fcr heute reicht es. Ich geh jetzt schlafen und freue mich auf heute Nacht;-)<\/p>\n\n\n\n<p>Bis bald euer Mattes<\/p>\n\n\n\n<p>&nbsp;Bilder vom Januar 2011 findet ihr<a href=\"http:\/\/192.168.3.12\/photo\/photo_thumb.php?dir=4d61747465735f4665627275617232303131\" target=\"_blank\" rel=\"noreferrer noopener\"> hier<\/a>.<\/p>\n","protected":false},"excerpt":{"rendered":"<p>Hallo Ihr Lieben, &nbsp;ich melde mich mal wieder aus dem eisigen Saarland. Heute bin ich nun 8 Wochen alt. Leider ist meine Hebamme krank, sodass sie heute nicht kommen und mich wiegen konnte. Aber meine Pausb\u00e4ckchen und mein Doppelkinn werden von Tag zu Tag voller. Meine Eltern finden das s\u00fc\u00df. Begeistern kann ich sie aber &hellip; <a href=\"http:\/\/dachgeschoss.dnsalias.com\/wordpress\/2011\/02\/01\/februarbilder\/\" class=\"more-link\"><span class=\"screen-reader-text\">Februarbilder<\/span> weiterlesen <span class=\"meta-nav\">&rarr;<\/span><\/a><\/p>\n","protected":false},"author":1,"featured_media":0,"comment_status":"closed","ping_status":"","sticky":false,"template":"","format":"standard","meta":[],"categories":[1],"tags":[],"_links":{"self":[{"href":"http:\/\/dachgeschoss.dnsalias.com\/wordpress\/wp-json\/wp\/v2\/posts\/38"}],"collection":[{"href":"http:\/\/dachgeschoss.dnsalias.com\/wordpress\/wp-json\/wp\/v2\/posts"}],"about":[{"href":"http:\/\/dachgeschoss.dnsalias.com\/wordpress\/wp-json\/wp\/v2\/types\/post"}],"author":[{"embeddable":true,"href":"http:\/\/dachgeschoss.dnsalias.com\/wordpress\/wp-json\/wp\/v2\/users\/1"}],"replies":[{"embeddable":true,"href":"http:\/\/dachgeschoss.dnsalias.com\/wordpress\/wp-json\/wp\/v2\/comments?post=38"}],"version-history":[{"count":1,"href":"http:\/\/dachgeschoss.dnsalias.com\/wordpress\/wp-json\/wp\/v2\/posts\/38\/revisions"}],"predecessor-version":[{"id":39,"href":"http:\/\/dachgeschoss.dnsalias.com\/wordpress\/wp-json\/wp\/v2\/posts\/38\/revisions\/39"}],"wp:attachment":[{"href":"http:\/\/dachgeschoss.dnsalias.com\/wordpress\/wp-json\/wp\/v2\/media?parent=38"}],"wp:term":[{"taxonomy":"category","embeddable":true,"href":"http:\/\/dachgeschoss.dnsalias.com\/wordpress\/wp-json\/wp\/v2\/categories?post=38"},{"taxonomy":"post_tag","embeddable":true,"href":"http:\/\/dachgeschoss.dnsalias.com\/wordpress\/wp-json\/wp\/v2\/tags?post=38"}],"curies":[{"name":"wp","href":"https:\/\/api.w.org\/{rel}","templated":true}]}}