{"id":369,"date":"2016-06-17T21:38:00","date_gmt":"2016-06-17T19:38:00","guid":{"rendered":"http:\/\/192.168.3.11\/wordpress\/?p=369"},"modified":"2024-01-30T21:06:36","modified_gmt":"2024-01-30T20:06:36","slug":"oma-und-opa-24-7","status":"publish","type":"post","link":"http:\/\/dachgeschoss.dnsalias.com\/wordpress\/2016\/06\/17\/oma-und-opa-24-7\/","title":{"rendered":"Oma und Opa 24\/7"},"content":{"rendered":"\n<p>Hall\u00f6chen Ihr Lieben,<\/p>\n\n\n\n<p>vor einer Woche hatten wir endlich mal wieder Besuch aus Berlin. Da Mama von morgens bis sp\u00e4t abends arbeiten musste und Papa einige Tage auf Dienstreise war, haben uns Oma und Opa Heinzelmann besucht und waren wie unsere \u00dcberschrift schon sagt &#8220; rund um die Uhr im Einsatz&#8220;. Das haben die beiden mit Bravour gemeistert. Sie haben uns die Tage so gut trotz viel schlechtem Wetter vers\u00fcsst, dass wir gar nicht mehr in die Kita wollten. Es gab Eis und Kekse und&#8230;..;-) Wir haben viel gespielt, gekuschelt, waren gemeinsam einkaufen und viel drau\u00dfen. Und wir waren alle zusammen auf dem Mauerfest von Margit und Fritz. Oma und Opa haben sich sichtlich wohlgef\u00fchlt in dem Trubel und Oma hat sogar Schnaps getrunken;-).<\/p>\n\n\n\n<p>Wor\u00fcber wir uns ganz besonders gefreut haben, sind die Tennisschl\u00e4ger, die wir gemeinsam einkaufen waren. Ich (Matti) habe n\u00e4mlich bei uns im Ort angefangen jeden Donnerstagabend mit meinem Kumpel Elias in den Tenniskurs zu gehen. Ich bin Feuer und Flamme und Ole auch, auch wenn er noch ein wenig zu klein ist daf\u00fcr.<\/p>\n\n\n\n<p>Und in dem Sportgesch\u00e4ft hat Papa dann noch eine gro\u00dfartige Idee gehabt. Da wir ja bald in den Urlaub fahren und auch Fahrradtouren machen wollen, hat Papa mir ein 20 Zoll Fahrrad mit 6 Gangschaltung rausgesucht. Gleich im Gesch\u00e4ft hat die Probefahrt hervorragend geklappt, so dass Papa das coole schwarze Fahrrad f\u00fcr mich gekauft hat. Ole kann \u00fcbrigens auch schon richtig gut Fahrrad fahren. Er ist nur noch ein wenig zu klein, um auf den Boden zu kommen und deshalb k\u00f6nnen die St\u00fctzr\u00e4der leider noch nicht ab.<\/p>\n\n\n\n<p>Wir hatten wunderbare Tage und Mama und Papa konnten dank Oma und Opa gl\u00fccklicherweise auf Katjas Geburtstag. Vielen Dank f\u00fcr Eure gro\u00dfartige Unterst\u00fctzung!!!<\/p>\n\n\n\n<p>Bis bald Euer Mattes und Euer Ole<\/p>\n","protected":false},"excerpt":{"rendered":"<p>Hall\u00f6chen Ihr Lieben, vor einer Woche hatten wir endlich mal wieder Besuch aus Berlin. Da Mama von morgens bis sp\u00e4t abends arbeiten musste und Papa einige Tage auf Dienstreise war, haben uns Oma und Opa Heinzelmann besucht und waren wie unsere \u00dcberschrift schon sagt &#8220; rund um die Uhr im Einsatz&#8220;. Das haben die beiden &hellip; <a href=\"http:\/\/dachgeschoss.dnsalias.com\/wordpress\/2016\/06\/17\/oma-und-opa-24-7\/\" class=\"more-link\"><span class=\"screen-reader-text\">Oma und Opa 24\/7<\/span> weiterlesen <span class=\"meta-nav\">&rarr;<\/span><\/a><\/p>\n","protected":false},"author":1,"featured_media":0,"comment_status":"closed","ping_status":"","sticky":false,"template":"","format":"standard","meta":[],"categories":[1],"tags":[],"_links":{"self":[{"href":"http:\/\/dachgeschoss.dnsalias.com\/wordpress\/wp-json\/wp\/v2\/posts\/369"}],"collection":[{"href":"http:\/\/dachgeschoss.dnsalias.com\/wordpress\/wp-json\/wp\/v2\/posts"}],"about":[{"href":"http:\/\/dachgeschoss.dnsalias.com\/wordpress\/wp-json\/wp\/v2\/types\/post"}],"author":[{"embeddable":true,"href":"http:\/\/dachgeschoss.dnsalias.com\/wordpress\/wp-json\/wp\/v2\/users\/1"}],"replies":[{"embeddable":true,"href":"http:\/\/dachgeschoss.dnsalias.com\/wordpress\/wp-json\/wp\/v2\/comments?post=369"}],"version-history":[{"count":1,"href":"http:\/\/dachgeschoss.dnsalias.com\/wordpress\/wp-json\/wp\/v2\/posts\/369\/revisions"}],"predecessor-version":[{"id":370,"href":"http:\/\/dachgeschoss.dnsalias.com\/wordpress\/wp-json\/wp\/v2\/posts\/369\/revisions\/370"}],"wp:attachment":[{"href":"http:\/\/dachgeschoss.dnsalias.com\/wordpress\/wp-json\/wp\/v2\/media?parent=369"}],"wp:term":[{"taxonomy":"category","embeddable":true,"href":"http:\/\/dachgeschoss.dnsalias.com\/wordpress\/wp-json\/wp\/v2\/categories?post=369"},{"taxonomy":"post_tag","embeddable":true,"href":"http:\/\/dachgeschoss.dnsalias.com\/wordpress\/wp-json\/wp\/v2\/tags?post=369"}],"curies":[{"name":"wp","href":"https:\/\/api.w.org\/{rel}","templated":true}]}}