{"id":365,"date":"2016-04-24T16:31:00","date_gmt":"2016-04-24T14:31:00","guid":{"rendered":"http:\/\/192.168.3.11\/wordpress\/?p=365"},"modified":"2024-01-30T21:04:45","modified_gmt":"2024-01-30T20:04:45","slug":"papas-geburtstag-im-dreilaendereck","status":"publish","type":"post","link":"http:\/\/dachgeschoss.dnsalias.com\/wordpress\/2016\/04\/24\/papas-geburtstag-im-dreilaendereck\/","title":{"rendered":"Papas Geburtstag im Dreil\u00e4ndereck"},"content":{"rendered":"\n<p>Hall\u00f6chen Ihr Lieben,<\/p>\n\n\n\n<p>wahrscheinlich habt ihr am Wochenende Papa versucht verbeblich zu erreichen?! Wir sind n\u00e4mlich ganz spontan in ein gem\u00fctliches Hotel in Perl, einem Ort im Dreil\u00e4ndereck gefahren. Bereits Freitag sind wir nach der Kita losgefahren. Nach einer Stunde Fahrt waren wir auch schon vor Ort. In einem alten Haus von 1900 mitten im Zentrum von Perl haben wir unseren Zimmerschl\u00fcssel entgegen genommen und sind mit hungrigen B\u00e4uchen in die direkt neben dem Hotel gelegene Pizzeria essen gegangen. Das wra echt super!!! F\u00fcr Ole und mich gab es ein gro\u00dfes Schokoeis auf Kosten des Hauses. Genial! Im Anschluss war das Wetter noch so verlockend, dass wir einen strammen Fussmarsch Richtung Mosel unternommen haben. Wir haben extra gro\u00dfe Steine unterwegs zum Reinschmei\u00dfen gesammelt;-). Das war ein sch\u00f6ner Ausflug und wir sind alles richtig sp\u00e4t ins Bett.<\/p>\n\n\n\n<p>Am Samstagmorgen fing der Tag mit einem leckeren Fr\u00fchst\u00fcck an. Leider war an dem Tag richtig schlechtes Wetter gemeldet, so dass wir dem Wandern einen Stadtbummel in Trier vorgezogen haben. Und der war richtig erfolgreich. Ole und ich haben coole Sonnenbrillen bekommen, Papa drei super T-Shirts und Mama hat einen Mantel, genau wie sie ihn sich in ihren Tr\u00e4umen vorgstellt hat, gekauft. Zufrieden sind wir gegen nach Nachmittag wieder in Richtung Perl. Vor dem Abendessen in unserer Lieblingspizzeria gab es noch einen kleinen Abstecher nach Schnegen. Ja, genau das ist der Ort, an dem am 14. Juni 1985 das Schengen Abkommen unterzeichnet wurde. In dem Europamuseum, das wir dort besucht haben, haben Ole und ich uns coole Schnegenpasse austellen lassen. Und wir standen auf dem Europaplatz in Schengen;-). Jeder, der vielleicht schon mal da gewesen ist, weiss, dass Schengen ein kleines Dorf ist und der Europaplatz nicht mal gro\u00df genug, damit ein Auto darauf wenden kann;-). Auf jeden Fall war Papas Geburtstag ein wundersch\u00f6ner Tag!!!!<\/p>\n\n\n\n<p>Am Sonntagmorgen haben wir erst einmal gem\u00fctlich gef\u00fchst\u00fcckt. Nach dem Fr\u00fchst\u00fcck ging es in Richtung Heimat. Jedoch haben wir noch einen Abstecher zur Burg Malbrouck gemacht. Die Burg Malbrouck, auch Burg Meinsberg genannt, ist eine komplett renovierte mittelalterliche, lothringische Burganlage in Manderen im franz\u00f6sischen D\u00e9partement Moselle, Region Lorraine.<\/p>\n\n\n\n<p>Nach so viel Kultur und drei L\u00e4ndern sind wir hundem\u00fcde ins Auto und p\u00fcnkttlich zum Mittagessen wieder Zuhause gewesen. Nach Nudeln mit Tomatensauce haben wir erst mal eine kleine Mittagspause gemacht.<\/p>\n\n\n\n<p>So das war Papas Geburtstagswochenende.<\/p>\n\n\n\n<p>Euch einen sch\u00f6nen Wochenstart!<\/p>\n\n\n\n<p>Bis bald<\/p>\n\n\n\n<p>Euer Ole und Euer Mattes<\/p>\n","protected":false},"excerpt":{"rendered":"<p>Hall\u00f6chen Ihr Lieben, wahrscheinlich habt ihr am Wochenende Papa versucht verbeblich zu erreichen?! Wir sind n\u00e4mlich ganz spontan in ein gem\u00fctliches Hotel in Perl, einem Ort im Dreil\u00e4ndereck gefahren. Bereits Freitag sind wir nach der Kita losgefahren. Nach einer Stunde Fahrt waren wir auch schon vor Ort. In einem alten Haus von 1900 mitten im &hellip; <a href=\"http:\/\/dachgeschoss.dnsalias.com\/wordpress\/2016\/04\/24\/papas-geburtstag-im-dreilaendereck\/\" class=\"more-link\"><span class=\"screen-reader-text\">Papas Geburtstag im Dreil\u00e4ndereck<\/span> weiterlesen <span class=\"meta-nav\">&rarr;<\/span><\/a><\/p>\n","protected":false},"author":1,"featured_media":0,"comment_status":"closed","ping_status":"","sticky":false,"template":"","format":"standard","meta":[],"categories":[1],"tags":[],"_links":{"self":[{"href":"http:\/\/dachgeschoss.dnsalias.com\/wordpress\/wp-json\/wp\/v2\/posts\/365"}],"collection":[{"href":"http:\/\/dachgeschoss.dnsalias.com\/wordpress\/wp-json\/wp\/v2\/posts"}],"about":[{"href":"http:\/\/dachgeschoss.dnsalias.com\/wordpress\/wp-json\/wp\/v2\/types\/post"}],"author":[{"embeddable":true,"href":"http:\/\/dachgeschoss.dnsalias.com\/wordpress\/wp-json\/wp\/v2\/users\/1"}],"replies":[{"embeddable":true,"href":"http:\/\/dachgeschoss.dnsalias.com\/wordpress\/wp-json\/wp\/v2\/comments?post=365"}],"version-history":[{"count":1,"href":"http:\/\/dachgeschoss.dnsalias.com\/wordpress\/wp-json\/wp\/v2\/posts\/365\/revisions"}],"predecessor-version":[{"id":366,"href":"http:\/\/dachgeschoss.dnsalias.com\/wordpress\/wp-json\/wp\/v2\/posts\/365\/revisions\/366"}],"wp:attachment":[{"href":"http:\/\/dachgeschoss.dnsalias.com\/wordpress\/wp-json\/wp\/v2\/media?parent=365"}],"wp:term":[{"taxonomy":"category","embeddable":true,"href":"http:\/\/dachgeschoss.dnsalias.com\/wordpress\/wp-json\/wp\/v2\/categories?post=365"},{"taxonomy":"post_tag","embeddable":true,"href":"http:\/\/dachgeschoss.dnsalias.com\/wordpress\/wp-json\/wp\/v2\/tags?post=365"}],"curies":[{"name":"wp","href":"https:\/\/api.w.org\/{rel}","templated":true}]}}