{"id":363,"date":"2016-04-12T21:20:00","date_gmt":"2016-04-12T19:20:00","guid":{"rendered":"http:\/\/192.168.3.11\/wordpress\/?p=363"},"modified":"2024-01-30T21:03:56","modified_gmt":"2024-01-30T20:03:56","slug":"meine-erste-fahrradtour","status":"publish","type":"post","link":"http:\/\/dachgeschoss.dnsalias.com\/wordpress\/2016\/04\/12\/meine-erste-fahrradtour\/","title":{"rendered":"Meine erste Fahrradtour"},"content":{"rendered":"\n<p>Hall\u00f6chen Ihr Lieben,<\/p>\n\n\n\n<p>am Samstag den 9. April habe ich (Ole) mich das zweite Mal auf mein orangenes Fahrrad mit St\u00fctzr\u00e4dern gesetzt. Anfangs hatte ich noch ziemlich viel Angst und wollte das Mama und Papa mich festhalten bei Fahren. Doch irgendwann haben sie so intensiv mit den Nachbarngequatscht, dass sie keine Zeit mehr hatten hinter mir her zu laufen. Nur Galina eine unser Nachbarinnen hat sich meiner erbarmt. Und siehe da, pl\u00f6tzlich ging es wie von selbst!!!! Das ist so toll allein Fahrrad fahren zu k\u00f6nnen. Am Sonntag habe ich dann gleich mit Mama meine erste Fahhrradtou auf unseren Spielplatz gemacht. Das hat richtig gut geklappt. Nun m\u00fcssen noch irgendwann die St\u00fctzr\u00e4der ab, aber ich bin noch zu klein von der K\u00f6rpergr\u00f6\u00dfe, um das Rad selber zu halten zu k\u00f6nnen.<\/p>\n\n\n\n<p>So das war das Neueste von mir!<\/p>\n\n\n\n<p>Bis bald<\/p>\n\n\n\n<p>Euer Ole<\/p>\n","protected":false},"excerpt":{"rendered":"<p>Hall\u00f6chen Ihr Lieben, am Samstag den 9. April habe ich (Ole) mich das zweite Mal auf mein orangenes Fahrrad mit St\u00fctzr\u00e4dern gesetzt. Anfangs hatte ich noch ziemlich viel Angst und wollte das Mama und Papa mich festhalten bei Fahren. Doch irgendwann haben sie so intensiv mit den Nachbarngequatscht, dass sie keine Zeit mehr hatten hinter &hellip; <a href=\"http:\/\/dachgeschoss.dnsalias.com\/wordpress\/2016\/04\/12\/meine-erste-fahrradtour\/\" class=\"more-link\"><span class=\"screen-reader-text\">Meine erste Fahrradtour<\/span> weiterlesen <span class=\"meta-nav\">&rarr;<\/span><\/a><\/p>\n","protected":false},"author":1,"featured_media":0,"comment_status":"closed","ping_status":"","sticky":false,"template":"","format":"standard","meta":[],"categories":[1],"tags":[],"_links":{"self":[{"href":"http:\/\/dachgeschoss.dnsalias.com\/wordpress\/wp-json\/wp\/v2\/posts\/363"}],"collection":[{"href":"http:\/\/dachgeschoss.dnsalias.com\/wordpress\/wp-json\/wp\/v2\/posts"}],"about":[{"href":"http:\/\/dachgeschoss.dnsalias.com\/wordpress\/wp-json\/wp\/v2\/types\/post"}],"author":[{"embeddable":true,"href":"http:\/\/dachgeschoss.dnsalias.com\/wordpress\/wp-json\/wp\/v2\/users\/1"}],"replies":[{"embeddable":true,"href":"http:\/\/dachgeschoss.dnsalias.com\/wordpress\/wp-json\/wp\/v2\/comments?post=363"}],"version-history":[{"count":1,"href":"http:\/\/dachgeschoss.dnsalias.com\/wordpress\/wp-json\/wp\/v2\/posts\/363\/revisions"}],"predecessor-version":[{"id":364,"href":"http:\/\/dachgeschoss.dnsalias.com\/wordpress\/wp-json\/wp\/v2\/posts\/363\/revisions\/364"}],"wp:attachment":[{"href":"http:\/\/dachgeschoss.dnsalias.com\/wordpress\/wp-json\/wp\/v2\/media?parent=363"}],"wp:term":[{"taxonomy":"category","embeddable":true,"href":"http:\/\/dachgeschoss.dnsalias.com\/wordpress\/wp-json\/wp\/v2\/categories?post=363"},{"taxonomy":"post_tag","embeddable":true,"href":"http:\/\/dachgeschoss.dnsalias.com\/wordpress\/wp-json\/wp\/v2\/tags?post=363"}],"curies":[{"name":"wp","href":"https:\/\/api.w.org\/{rel}","templated":true}]}}