{"id":357,"date":"2016-03-18T20:53:00","date_gmt":"2016-03-18T19:53:00","guid":{"rendered":"http:\/\/192.168.3.11\/wordpress\/?p=357"},"modified":"2024-01-30T21:01:33","modified_gmt":"2024-01-30T20:01:33","slug":"der-fruehling-steht-vor-der-tuer","status":"publish","type":"post","link":"http:\/\/dachgeschoss.dnsalias.com\/wordpress\/2016\/03\/18\/der-fruehling-steht-vor-der-tuer\/","title":{"rendered":"Der Fr\u00fchling steht vor der T\u00fcr"},"content":{"rendered":"\n<p>Hall\u00f6chen Ihr Lieben,<\/p>\n\n\n\n<p>so nun war es heute endlich soweit. Die Sonne hat den ganzen Tag geschienen und Papa war den ersten Tag im Jahr nur im T-Shirt drau\u00dfen. Bei 17 Grad und Sonnenschein haben wir uns heute und auch schon die letzten Tage;-) leckeres Eis schmecken lassen.<\/p>\n\n\n\n<p>An Neuigkeiten gibt es bei uns, dass ich (Ole) mich zur Zeit in einer Motz- bzw. Trotzphase befinde und einfach mal gucke, wie weit ich gehen kann. Bei Mama und Papa komme ich da leider nicht sehr weit;-). Des \u00d6fteren wandere ich leider ohne Buch abends ins Bett;-(.Auch in der Kita k\u00e4mpfe ich \u00f6fter mal verbal mit den Erzieherinnen. Ich habe eben meine eigenen Kopf und m\u00f6chte auch immer das letzte Wort haben. Nach wem komme ich da blo\u00df;-)?<\/p>\n\n\n\n<p>Und ich (Matti) gebe seit neustem Turnstunden in der Kita. Wenn wir in der Turnhalle sind, dann m\u00fcssen sich alle bis auf die Unterw\u00e4sche ausziehen und dann mache ich verschieden \u00dcbungen, die ich mir ganz alleine ausdenke vor. Alle haben daran gro\u00dfen Spa\u00df und ich tariniere auf diese Weise weiter f\u00fcr mein Biathlontraining;-).<\/p>\n\n\n\n<p>So das war es mal in K\u00fcrze von uns.<\/p>\n\n\n\n<p>Bis bald Euer Matti und Euer Ole<\/p>\n","protected":false},"excerpt":{"rendered":"<p>Hall\u00f6chen Ihr Lieben, so nun war es heute endlich soweit. Die Sonne hat den ganzen Tag geschienen und Papa war den ersten Tag im Jahr nur im T-Shirt drau\u00dfen. Bei 17 Grad und Sonnenschein haben wir uns heute und auch schon die letzten Tage;-) leckeres Eis schmecken lassen. An Neuigkeiten gibt es bei uns, dass &hellip; <a href=\"http:\/\/dachgeschoss.dnsalias.com\/wordpress\/2016\/03\/18\/der-fruehling-steht-vor-der-tuer\/\" class=\"more-link\"><span class=\"screen-reader-text\">Der Fr\u00fchling steht vor der T\u00fcr<\/span> weiterlesen <span class=\"meta-nav\">&rarr;<\/span><\/a><\/p>\n","protected":false},"author":1,"featured_media":0,"comment_status":"closed","ping_status":"","sticky":false,"template":"","format":"standard","meta":[],"categories":[1],"tags":[],"_links":{"self":[{"href":"http:\/\/dachgeschoss.dnsalias.com\/wordpress\/wp-json\/wp\/v2\/posts\/357"}],"collection":[{"href":"http:\/\/dachgeschoss.dnsalias.com\/wordpress\/wp-json\/wp\/v2\/posts"}],"about":[{"href":"http:\/\/dachgeschoss.dnsalias.com\/wordpress\/wp-json\/wp\/v2\/types\/post"}],"author":[{"embeddable":true,"href":"http:\/\/dachgeschoss.dnsalias.com\/wordpress\/wp-json\/wp\/v2\/users\/1"}],"replies":[{"embeddable":true,"href":"http:\/\/dachgeschoss.dnsalias.com\/wordpress\/wp-json\/wp\/v2\/comments?post=357"}],"version-history":[{"count":1,"href":"http:\/\/dachgeschoss.dnsalias.com\/wordpress\/wp-json\/wp\/v2\/posts\/357\/revisions"}],"predecessor-version":[{"id":358,"href":"http:\/\/dachgeschoss.dnsalias.com\/wordpress\/wp-json\/wp\/v2\/posts\/357\/revisions\/358"}],"wp:attachment":[{"href":"http:\/\/dachgeschoss.dnsalias.com\/wordpress\/wp-json\/wp\/v2\/media?parent=357"}],"wp:term":[{"taxonomy":"category","embeddable":true,"href":"http:\/\/dachgeschoss.dnsalias.com\/wordpress\/wp-json\/wp\/v2\/categories?post=357"},{"taxonomy":"post_tag","embeddable":true,"href":"http:\/\/dachgeschoss.dnsalias.com\/wordpress\/wp-json\/wp\/v2\/tags?post=357"}],"curies":[{"name":"wp","href":"https:\/\/api.w.org\/{rel}","templated":true}]}}