{"id":355,"date":"2016-02-10T13:23:00","date_gmt":"2016-02-10T12:23:00","guid":{"rendered":"http:\/\/192.168.3.11\/wordpress\/?p=355"},"modified":"2024-01-30T21:00:37","modified_gmt":"2024-01-30T20:00:37","slug":"ich-kann-das-ganz-allein","status":"publish","type":"post","link":"http:\/\/dachgeschoss.dnsalias.com\/wordpress\/2016\/02\/10\/ich-kann-das-ganz-allein\/","title":{"rendered":"Ich kann das ganz allein!"},"content":{"rendered":"\n<p>Hall\u00f6chen Ihr Lieben,<\/p>\n\n\n\n<p>es sind schon Wochen seit meiner letzten Meldung an Euch vergangen. Ich (Ole) habe einfach wenig Zeit dazu&#8230;.<\/p>\n\n\n\n<p>Ich bin mittlerweile ein gro\u00dfer Junge. Jedenfalls sehe ich das selber so. Auch wenn alle behaupten, dass gro\u00dfe Jungen nicht mehr in die Windel stinkern:-). Ich selbst sehe das ein wenig anders und habe kein Problem damit, dass ab und zu die Windel eben doch noch voll ist. Eine Windel m\u00f6chte ich aber trotzdem nicht anziehen und diskutiere t\u00e4glich mit allen, die mir eine anziehen wollen. Leider verliere ich meistens die Diskussion. Auch sonst bin ich bestrebt, alles eigenst\u00e4ndig zu machen. Ich versuche mich selbst an- und auszuziehen, m\u00f6chte mir die Z\u00e4hne selber putzen, m\u00f6chte immer ohne L\u00e4tzchen ganz allein essen, m\u00f6chte alleine ins Auto steigen, alleine Schlittschuh laufen und m\u00f6chte sowieso all das, was Matti macht&#8230;..Das nervt Matti meistens und wir kriegen uns deshalb in die Haare. Na ja, das belebt die Stimmung Zuhause. Und was ich nun schon richtig gut kann, ist puzzeln. Ein neues 35 Teile Puzzle stellt f\u00fcr mich keine gro\u00dfe Herausforderung mehr da;-). Und das Uno spielen klappt auch immer besser. Meine Sprache hat sich auch so gut entwickelt, dass Mama und Papa \u00f6fter mal \u00fcber meine Ausdrucksweise staunen m\u00fcssen. Ich w\u00fcrde am liebsten auch schon 3 Jahre alt sein, denn dann d\u00fcrfte ich wie Matti auch in den Schwimmkurs und zum Fu\u00dfball. Aber anscheinend dauert das noch ein wenig&#8230;&#8230;Alles in allem geht es mir blendend und ich versuche t\u00e4glich alle mit meinem Charme um den Finger zu wickeln oder den Clown zu spielen.<\/p>\n\n\n\n<p>So das war es kurz von mir. Ich w\u00fcnsche Euch noch eine sch\u00f6ne Woche!<\/p>\n\n\n\n<p>Bis bald<\/p>\n\n\n\n<p>Euer Ole<\/p>\n","protected":false},"excerpt":{"rendered":"<p>Hall\u00f6chen Ihr Lieben, es sind schon Wochen seit meiner letzten Meldung an Euch vergangen. Ich (Ole) habe einfach wenig Zeit dazu&#8230;. Ich bin mittlerweile ein gro\u00dfer Junge. Jedenfalls sehe ich das selber so. Auch wenn alle behaupten, dass gro\u00dfe Jungen nicht mehr in die Windel stinkern:-). Ich selbst sehe das ein wenig anders und habe &hellip; <a href=\"http:\/\/dachgeschoss.dnsalias.com\/wordpress\/2016\/02\/10\/ich-kann-das-ganz-allein\/\" class=\"more-link\"><span class=\"screen-reader-text\">Ich kann das ganz allein!<\/span> weiterlesen <span class=\"meta-nav\">&rarr;<\/span><\/a><\/p>\n","protected":false},"author":1,"featured_media":0,"comment_status":"closed","ping_status":"","sticky":false,"template":"","format":"standard","meta":[],"categories":[1],"tags":[],"_links":{"self":[{"href":"http:\/\/dachgeschoss.dnsalias.com\/wordpress\/wp-json\/wp\/v2\/posts\/355"}],"collection":[{"href":"http:\/\/dachgeschoss.dnsalias.com\/wordpress\/wp-json\/wp\/v2\/posts"}],"about":[{"href":"http:\/\/dachgeschoss.dnsalias.com\/wordpress\/wp-json\/wp\/v2\/types\/post"}],"author":[{"embeddable":true,"href":"http:\/\/dachgeschoss.dnsalias.com\/wordpress\/wp-json\/wp\/v2\/users\/1"}],"replies":[{"embeddable":true,"href":"http:\/\/dachgeschoss.dnsalias.com\/wordpress\/wp-json\/wp\/v2\/comments?post=355"}],"version-history":[{"count":1,"href":"http:\/\/dachgeschoss.dnsalias.com\/wordpress\/wp-json\/wp\/v2\/posts\/355\/revisions"}],"predecessor-version":[{"id":356,"href":"http:\/\/dachgeschoss.dnsalias.com\/wordpress\/wp-json\/wp\/v2\/posts\/355\/revisions\/356"}],"wp:attachment":[{"href":"http:\/\/dachgeschoss.dnsalias.com\/wordpress\/wp-json\/wp\/v2\/media?parent=355"}],"wp:term":[{"taxonomy":"category","embeddable":true,"href":"http:\/\/dachgeschoss.dnsalias.com\/wordpress\/wp-json\/wp\/v2\/categories?post=355"},{"taxonomy":"post_tag","embeddable":true,"href":"http:\/\/dachgeschoss.dnsalias.com\/wordpress\/wp-json\/wp\/v2\/tags?post=355"}],"curies":[{"name":"wp","href":"https:\/\/api.w.org\/{rel}","templated":true}]}}