{"id":345,"date":"2015-12-07T20:38:00","date_gmt":"2015-12-07T19:38:00","guid":{"rendered":"http:\/\/192.168.3.11\/wordpress\/?p=345"},"modified":"2024-01-30T20:56:18","modified_gmt":"2024-01-30T19:56:18","slug":"endlich-bin-ich-5-jahre-alt","status":"publish","type":"post","link":"http:\/\/dachgeschoss.dnsalias.com\/wordpress\/2015\/12\/07\/endlich-bin-ich-5-jahre-alt\/","title":{"rendered":"Endlich bin ich 5 Jahre alt!"},"content":{"rendered":"\n<p>Hall\u00f6chen Ihr Lieben,<\/p>\n\n\n\n<p>endlich geh\u00f6re ich auch zu den Gro\u00dfen im Kindergarten. Ganz fr\u00fch haben mich Mama, Papa und Ole heute geweckt, um dann nach unten ins Wohnzimmer zu gehem, wo ein bunt gedeckter Geburtstagstisch mit einem leckeren K\u00e4sekuchen und ganz vielen Geschenken auf mich gewartet hat. Ich habe mit gro\u00dfer Begeisterung alle Geschenke aufgerissen und soooo tolle Sachen bekommen. Eine Uhr, ein tolles Tip Toi Buch \u00fcber Afrika ein 150 Teile Puzzle und den D7 (das kleine Sportflugzeug, das ich mir seit unserem Schwedenurlaub w\u00fcnsche). Ich habe mich \u00fcber alles richtig doll gefreut. Dann ging es ab in die Kita mit frisch gebackenen Muffins. Die Geburtstagsparty in der Kinta war ebenfalls klasse und ich bin gl\u00fccklich, heute der Erste und der Letzte, der abgeholt wurde, gwesen zu sein. Auch wenn Mama ein ganz schlechtes Gewissen hat, aber Ole und ich m\u00f6gen es, auch mal die Kita f\u00fcr uns ganz allein zu haben. Papa hat dann am Abend mein Lieblingsgericht, n\u00e4mlich Eierkuchen gemacht. Nach dem Kuscheln und Buch lesen bin ich einfach nur gl\u00fccklich \u00fcber den heutigen Tag ins Bett. Endlich bin ich auch 5 Jahre!!!!<\/p>\n\n\n\n<p>Ich sage allen meinen Omas und Opas Vielen lieben Dank f\u00fcr all die tollen Geschenke und Karten und Gl\u00fcckw\u00fcnsche!!!!!!<\/p>\n\n\n\n<p>Das war es in K\u00fcrze von mir!<\/p>\n\n\n\n<p>Euer Mattes<\/p>\n","protected":false},"excerpt":{"rendered":"<p>Hall\u00f6chen Ihr Lieben, endlich geh\u00f6re ich auch zu den Gro\u00dfen im Kindergarten. Ganz fr\u00fch haben mich Mama, Papa und Ole heute geweckt, um dann nach unten ins Wohnzimmer zu gehem, wo ein bunt gedeckter Geburtstagstisch mit einem leckeren K\u00e4sekuchen und ganz vielen Geschenken auf mich gewartet hat. Ich habe mit gro\u00dfer Begeisterung alle Geschenke aufgerissen &hellip; <a href=\"http:\/\/dachgeschoss.dnsalias.com\/wordpress\/2015\/12\/07\/endlich-bin-ich-5-jahre-alt\/\" class=\"more-link\"><span class=\"screen-reader-text\">Endlich bin ich 5 Jahre alt!<\/span> weiterlesen <span class=\"meta-nav\">&rarr;<\/span><\/a><\/p>\n","protected":false},"author":1,"featured_media":0,"comment_status":"closed","ping_status":"","sticky":false,"template":"","format":"standard","meta":[],"categories":[1],"tags":[],"_links":{"self":[{"href":"http:\/\/dachgeschoss.dnsalias.com\/wordpress\/wp-json\/wp\/v2\/posts\/345"}],"collection":[{"href":"http:\/\/dachgeschoss.dnsalias.com\/wordpress\/wp-json\/wp\/v2\/posts"}],"about":[{"href":"http:\/\/dachgeschoss.dnsalias.com\/wordpress\/wp-json\/wp\/v2\/types\/post"}],"author":[{"embeddable":true,"href":"http:\/\/dachgeschoss.dnsalias.com\/wordpress\/wp-json\/wp\/v2\/users\/1"}],"replies":[{"embeddable":true,"href":"http:\/\/dachgeschoss.dnsalias.com\/wordpress\/wp-json\/wp\/v2\/comments?post=345"}],"version-history":[{"count":1,"href":"http:\/\/dachgeschoss.dnsalias.com\/wordpress\/wp-json\/wp\/v2\/posts\/345\/revisions"}],"predecessor-version":[{"id":346,"href":"http:\/\/dachgeschoss.dnsalias.com\/wordpress\/wp-json\/wp\/v2\/posts\/345\/revisions\/346"}],"wp:attachment":[{"href":"http:\/\/dachgeschoss.dnsalias.com\/wordpress\/wp-json\/wp\/v2\/media?parent=345"}],"wp:term":[{"taxonomy":"category","embeddable":true,"href":"http:\/\/dachgeschoss.dnsalias.com\/wordpress\/wp-json\/wp\/v2\/categories?post=345"},{"taxonomy":"post_tag","embeddable":true,"href":"http:\/\/dachgeschoss.dnsalias.com\/wordpress\/wp-json\/wp\/v2\/tags?post=345"}],"curies":[{"name":"wp","href":"https:\/\/api.w.org\/{rel}","templated":true}]}}